{"id":3863,"date":"2020-06-08T11:47:44","date_gmt":"2020-06-08T09:47:44","guid":{"rendered":"https:\/\/www.darrera.com\/wp\/?p=3863"},"modified":"2020-06-08T11:57:22","modified_gmt":"2020-06-08T09:57:22","slug":"darrera-instala-nueva-estacion-meteorologica-marina-palamos","status":"publish","type":"post","link":"https:\/\/www.darrera.com\/es\/noticias\/instalaciones\/2020\/06\/darrera-instala-nueva-estacion-meteorologica-marina-palamos\/","title":{"rendered":"Darrera instala la nueva estaci\u00f3n meteorol\u00f3gica de Marina Palam\u00f3s"},"content":{"rendered":"<h3>Los datos en tiempo real registrados por la estaci\u00f3n y la predicci\u00f3n meteorol\u00f3gica local ya pueden consultarse de forma p\u00fablica a trav\u00e9s de la plataforma online Weathercloud.<\/h3>\n<p>Marina Palam\u00f3s cuenta desde hoy con una nueva estaci\u00f3n Vantage Pro2 GroWeather para la monitorizaci\u00f3n de las condiciones meteorol\u00f3gicas en el puerto. El conjunto de sensores principal ubicado en el edificio de capitan\u00eda mide temperatura, humedad, precipitaci\u00f3n, presi\u00f3n atmosf\u00e9rica y radiaci\u00f3n solar, mientras que el anem\u00f3metro instalado de forma independiente en la bocana del puerto mide la velocidad y direcci\u00f3n del viento a 10 metros de altura. Todo el sistema se alimenta con energ\u00eda solar para una total autonom\u00eda.<\/p>\n<p>Los datos se env\u00edan por Ethernet a la plataforma online Weathercloud, permitiendo a los usuarios y visitantes del puerto consultar tanto las condiciones meteorol\u00f3gicas actuales como la predicci\u00f3n local para el d\u00eda actual y para los pr\u00f3ximos seis d\u00edas de forma remota y en tiempo real desde un ordenador, tablet o smartphone.<\/p>\n","protected":false},"excerpt":{"rendered":"<p>Los datos en tiempo real registrados por la estaci\u00f3n y la predicci\u00f3n meteorol\u00f3gica local ya pueden consultarse de forma p\u00fablica a trav\u00e9s de la plataforma online Weathercloud.<\/p>\n","protected":false},"author":2,"featured_media":3861,"comment_status":"closed","ping_status":"open","sticky":false,"template":"","format":"standard","meta":{"footnotes":""},"categories":[59],"tags":[103,124,84],"class_list":["post-3863","post","type-post","status-publish","format-standard","has-post-thumbnail","hentry","category-instalaciones","tag-estacion-meteorologica","tag-prediccion","tag-puerto"],"yoast_head":"<!-- This site is optimized with the Yoast SEO plugin v27.4 - https:\/\/yoast.com\/product\/yoast-seo-wordpress\/ -->\n<title>Darrera instala la nueva estaci\u00f3n meteorol\u00f3gica de Marina Palam\u00f3s | Darrera<\/title>\n<meta name=\"robots\" content=\"index, follow, max-snippet:-1, max-image-preview:large, max-video-preview:-1\" \/>\n<link rel=\"canonical\" href=\"https:\/\/www.darrera.com\/en\/news\/installations\/2020\/06\/darrera-installs-new-weather-station-marina-palamos\/\" \/>\n<meta property=\"og:locale\" content=\"es_ES\" \/>\n<meta property=\"og:type\" content=\"article\" \/>\n<meta property=\"og:title\" content=\"Darrera instala la nueva estaci\u00f3n meteorol\u00f3gica de Marina Palam\u00f3s | Darrera\" \/>\n<meta property=\"og:description\" content=\"Los datos en tiempo real registrados por la estaci\u00f3n y la predicci\u00f3n meteorol\u00f3gica local ya pueden consultarse de forma p\u00fablica a trav\u00e9s de la plataforma online Weathercloud.\" \/>\n<meta property=\"og:url\" content=\"https:\/\/www.darrera.com\/en\/news\/installations\/2020\/06\/darrera-installs-new-weather-station-marina-palamos\/\" \/>\n<meta property=\"og:site_name\" content=\"Darrera\" \/>\n<meta property=\"article:publisher\" content=\"http:\/\/facebook.com\/darrerameteo\" \/>\n<meta property=\"article:published_time\" content=\"2020-06-08T09:47:44+00:00\" \/>\n<meta property=\"article:modified_time\" content=\"2020-06-08T09:57:22+00:00\" \/>\n<meta property=\"og:image\" content=\"https:\/\/www.darrera.com\/wp-content\/uploads\/2020\/06\/news-darrera-installs-new-weather-station-marina-palamos.jpg\" \/>\n\t<meta property=\"og:image:width\" content=\"1170\" \/>\n\t<meta property=\"og:image:height\" content=\"750\" \/>\n\t<meta property=\"og:image:type\" content=\"image\/jpeg\" \/>\n<meta name=\"author\" content=\"Darrera\" \/>\n<meta name=\"twitter:card\" content=\"summary_large_image\" \/>\n<meta name=\"twitter:creator\" content=\"@darrera_meteo\" \/>\n<meta name=\"twitter:site\" content=\"@darrera_meteo\" \/>\n<meta name=\"twitter:label1\" content=\"Escrito por\" \/>\n\t<meta name=\"twitter:data1\" content=\"Darrera\" \/>\n\t<meta name=\"twitter:label2\" content=\"Tiempo de lectura\" \/>\n\t<meta name=\"twitter:data2\" content=\"1 minuto\" \/>\n<script type=\"application\/ld+json\" class=\"yoast-schema-graph\">{\"@context\":\"https:\\\/\\\/schema.org\",\"@graph\":[{\"@type\":\"Article\",\"@id\":\"https:\\\/\\\/www.darrera.com\\\/en\\\/news\\\/installations\\\/2020\\\/06\\\/darrera-installs-new-weather-station-marina-palamos\\\/#article\",\"isPartOf\":{\"@id\":\"https:\\\/\\\/www.darrera.com\\\/en\\\/news\\\/installations\\\/2020\\\/06\\\/darrera-installs-new-weather-station-marina-palamos\\\/\"},\"author\":{\"name\":\"Darrera\",\"@id\":\"https:\\\/\\\/www.darrera.com\\\/es\\\/#\\\/schema\\\/person\\\/1343a9301b7253ed15f0d1a69e15b220\"},\"headline\":\"Darrera instala la nueva estaci\u00f3n meteorol\u00f3gica de Marina Palam\u00f3s\",\"datePublished\":\"2020-06-08T09:47:44+00:00\",\"dateModified\":\"2020-06-08T09:57:22+00:00\",\"mainEntityOfPage\":{\"@id\":\"https:\\\/\\\/www.darrera.com\\\/en\\\/news\\\/installations\\\/2020\\\/06\\\/darrera-installs-new-weather-station-marina-palamos\\\/\"},\"wordCount\":193,\"publisher\":{\"@id\":\"https:\\\/\\\/www.darrera.com\\\/es\\\/#organization\"},\"image\":{\"@id\":\"https:\\\/\\\/www.darrera.com\\\/en\\\/news\\\/installations\\\/2020\\\/06\\\/darrera-installs-new-weather-station-marina-palamos\\\/#primaryimage\"},\"thumbnailUrl\":\"https:\\\/\\\/www.darrera.com\\\/wp-content\\\/uploads\\\/2020\\\/06\\\/news-darrera-installs-new-weather-station-marina-palamos.jpg\",\"keywords\":[\"estaci\u00f3n meteorol\u00f3gica\",\"predicci\u00f3n\",\"puerto\"],\"articleSection\":[\"Instalaciones\"],\"inLanguage\":\"es\"},{\"@type\":\"WebPage\",\"@id\":\"https:\\\/\\\/www.darrera.com\\\/en\\\/news\\\/installations\\\/2020\\\/06\\\/darrera-installs-new-weather-station-marina-palamos\\\/\",\"url\":\"https:\\\/\\\/www.darrera.com\\\/en\\\/news\\\/installations\\\/2020\\\/06\\\/darrera-installs-new-weather-station-marina-palamos\\\/\",\"name\":\"Darrera instala la nueva estaci\u00f3n meteorol\u00f3gica de Marina Palam\u00f3s | Darrera\",\"isPartOf\":{\"@id\":\"https:\\\/\\\/www.darrera.com\\\/es\\\/#website\"},\"primaryImageOfPage\":{\"@id\":\"https:\\\/\\\/www.darrera.com\\\/en\\\/news\\\/installations\\\/2020\\\/06\\\/darrera-installs-new-weather-station-marina-palamos\\\/#primaryimage\"},\"image\":{\"@id\":\"https:\\\/\\\/www.darrera.com\\\/en\\\/news\\\/installations\\\/2020\\\/06\\\/darrera-installs-new-weather-station-marina-palamos\\\/#primaryimage\"},\"thumbnailUrl\":\"https:\\\/\\\/www.darrera.com\\\/wp-content\\\/uploads\\\/2020\\\/06\\\/news-darrera-installs-new-weather-station-marina-palamos.jpg\",\"datePublished\":\"2020-06-08T09:47:44+00:00\",\"dateModified\":\"2020-06-08T09:57:22+00:00\",\"breadcrumb\":{\"@id\":\"https:\\\/\\\/www.darrera.com\\\/en\\\/news\\\/installations\\\/2020\\\/06\\\/darrera-installs-new-weather-station-marina-palamos\\\/#breadcrumb\"},\"inLanguage\":\"es\",\"potentialAction\":[{\"@type\":\"ReadAction\",\"target\":[\"https:\\\/\\\/www.darrera.com\\\/en\\\/news\\\/installations\\\/2020\\\/06\\\/darrera-installs-new-weather-station-marina-palamos\\\/\"]}]},{\"@type\":\"ImageObject\",\"inLanguage\":\"es\",\"@id\":\"https:\\\/\\\/www.darrera.com\\\/en\\\/news\\\/installations\\\/2020\\\/06\\\/darrera-installs-new-weather-station-marina-palamos\\\/#primaryimage\",\"url\":\"https:\\\/\\\/www.darrera.com\\\/wp-content\\\/uploads\\\/2020\\\/06\\\/news-darrera-installs-new-weather-station-marina-palamos.jpg\",\"contentUrl\":\"https:\\\/\\\/www.darrera.com\\\/wp-content\\\/uploads\\\/2020\\\/06\\\/news-darrera-installs-new-weather-station-marina-palamos.jpg\",\"width\":1170,\"height\":750,\"caption\":\"Darrera instala la nueva estaci\u00f3n meteorol\u00f3gica de Marina Palam\u00f3s\"},{\"@type\":\"BreadcrumbList\",\"@id\":\"https:\\\/\\\/www.darrera.com\\\/en\\\/news\\\/installations\\\/2020\\\/06\\\/darrera-installs-new-weather-station-marina-palamos\\\/#breadcrumb\",\"itemListElement\":[{\"@type\":\"ListItem\",\"position\":1,\"name\":\"Home\",\"item\":\"https:\\\/\\\/www.darrera.com\\\/es\\\/\"},{\"@type\":\"ListItem\",\"position\":2,\"name\":\"Darrera instala la nueva estaci\u00f3n meteorol\u00f3gica de Marina Palam\u00f3s\"}]},{\"@type\":\"WebSite\",\"@id\":\"https:\\\/\\\/www.darrera.com\\\/es\\\/#website\",\"url\":\"https:\\\/\\\/www.darrera.com\\\/es\\\/\",\"name\":\"Darrera\",\"description\":\"Instrumentos, soluciones y servicios meteorol\u00f3gicos\",\"publisher\":{\"@id\":\"https:\\\/\\\/www.darrera.com\\\/es\\\/#organization\"},\"potentialAction\":[{\"@type\":\"SearchAction\",\"target\":{\"@type\":\"EntryPoint\",\"urlTemplate\":\"https:\\\/\\\/www.darrera.com\\\/es\\\/?s={search_term_string}\"},\"query-input\":{\"@type\":\"PropertyValueSpecification\",\"valueRequired\":true,\"valueName\":\"search_term_string\"}}],\"inLanguage\":\"es\"},{\"@type\":\"Organization\",\"@id\":\"https:\\\/\\\/www.darrera.com\\\/es\\\/#organization\",\"name\":\"Darrera\",\"url\":\"https:\\\/\\\/www.darrera.com\\\/es\\\/\",\"logo\":{\"@type\":\"ImageObject\",\"inLanguage\":\"es\",\"@id\":\"https:\\\/\\\/www.darrera.com\\\/es\\\/#\\\/schema\\\/logo\\\/image\\\/\",\"url\":\"https:\\\/\\\/www.darrera.com\\\/wp\\\/wp-content\\\/uploads\\\/logo-darrera.png\",\"contentUrl\":\"https:\\\/\\\/www.darrera.com\\\/wp\\\/wp-content\\\/uploads\\\/logo-darrera.png\",\"width\":500,\"height\":85,\"caption\":\"Darrera\"},\"image\":{\"@id\":\"https:\\\/\\\/www.darrera.com\\\/es\\\/#\\\/schema\\\/logo\\\/image\\\/\"},\"sameAs\":[\"http:\\\/\\\/facebook.com\\\/darrerameteo\",\"https:\\\/\\\/x.com\\\/darrera_meteo\",\"https:\\\/\\\/www.linkedin.com\\\/company\\\/darrera-s-a-\",\"http:\\\/\\\/youtube.com\\\/darreratv\"]},{\"@type\":\"Person\",\"@id\":\"https:\\\/\\\/www.darrera.com\\\/es\\\/#\\\/schema\\\/person\\\/1343a9301b7253ed15f0d1a69e15b220\",\"name\":\"Darrera\",\"image\":{\"@type\":\"ImageObject\",\"inLanguage\":\"es\",\"@id\":\"https:\\\/\\\/secure.gravatar.com\\\/avatar\\\/33ff272113d47d151dae7e513c1e4307e28c4e2a7e87b05dba3e37ed4a070480?s=96&d=mm&r=g\",\"url\":\"https:\\\/\\\/secure.gravatar.com\\\/avatar\\\/33ff272113d47d151dae7e513c1e4307e28c4e2a7e87b05dba3e37ed4a070480?s=96&d=mm&r=g\",\"contentUrl\":\"https:\\\/\\\/secure.gravatar.com\\\/avatar\\\/33ff272113d47d151dae7e513c1e4307e28c4e2a7e87b05dba3e37ed4a070480?s=96&d=mm&r=g\",\"caption\":\"Darrera\"}}]}<\/script>\n<!-- \/ Yoast SEO plugin. -->","yoast_head_json":{"title":"Darrera instala la nueva estaci\u00f3n meteorol\u00f3gica de Marina Palam\u00f3s | Darrera","robots":{"index":"index","follow":"follow","max-snippet":"max-snippet:-1","max-image-preview":"max-image-preview:large","max-video-preview":"max-video-preview:-1"},"canonical":"https:\/\/www.darrera.com\/en\/news\/installations\/2020\/06\/darrera-installs-new-weather-station-marina-palamos\/","og_locale":"es_ES","og_type":"article","og_title":"Darrera instala la nueva estaci\u00f3n meteorol\u00f3gica de Marina Palam\u00f3s | Darrera","og_description":"Los datos en tiempo real registrados por la estaci\u00f3n y la predicci\u00f3n meteorol\u00f3gica local ya pueden consultarse de forma p\u00fablica a trav\u00e9s de la plataforma online Weathercloud.","og_url":"https:\/\/www.darrera.com\/en\/news\/installations\/2020\/06\/darrera-installs-new-weather-station-marina-palamos\/","og_site_name":"Darrera","article_publisher":"http:\/\/facebook.com\/darrerameteo","article_published_time":"2020-06-08T09:47:44+00:00","article_modified_time":"2020-06-08T09:57:22+00:00","og_image":[{"width":1170,"height":750,"url":"https:\/\/www.darrera.com\/wp-content\/uploads\/2020\/06\/news-darrera-installs-new-weather-station-marina-palamos.jpg","type":"image\/jpeg"}],"author":"Darrera","twitter_card":"summary_large_image","twitter_creator":"@darrera_meteo","twitter_site":"@darrera_meteo","twitter_misc":{"Escrito por":"Darrera","Tiempo de lectura":"1 minuto"},"schema":{"@context":"https:\/\/schema.org","@graph":[{"@type":"Article","@id":"https:\/\/www.darrera.com\/en\/news\/installations\/2020\/06\/darrera-installs-new-weather-station-marina-palamos\/#article","isPartOf":{"@id":"https:\/\/www.darrera.com\/en\/news\/installations\/2020\/06\/darrera-installs-new-weather-station-marina-palamos\/"},"author":{"name":"Darrera","@id":"https:\/\/www.darrera.com\/es\/#\/schema\/person\/1343a9301b7253ed15f0d1a69e15b220"},"headline":"Darrera instala la nueva estaci\u00f3n meteorol\u00f3gica de Marina Palam\u00f3s","datePublished":"2020-06-08T09:47:44+00:00","dateModified":"2020-06-08T09:57:22+00:00","mainEntityOfPage":{"@id":"https:\/\/www.darrera.com\/en\/news\/installations\/2020\/06\/darrera-installs-new-weather-station-marina-palamos\/"},"wordCount":193,"publisher":{"@id":"https:\/\/www.darrera.com\/es\/#organization"},"image":{"@id":"https:\/\/www.darrera.com\/en\/news\/installations\/2020\/06\/darrera-installs-new-weather-station-marina-palamos\/#primaryimage"},"thumbnailUrl":"https:\/\/www.darrera.com\/wp-content\/uploads\/2020\/06\/news-darrera-installs-new-weather-station-marina-palamos.jpg","keywords":["estaci\u00f3n meteorol\u00f3gica","predicci\u00f3n","puerto"],"articleSection":["Instalaciones"],"inLanguage":"es"},{"@type":"WebPage","@id":"https:\/\/www.darrera.com\/en\/news\/installations\/2020\/06\/darrera-installs-new-weather-station-marina-palamos\/","url":"https:\/\/www.darrera.com\/en\/news\/installations\/2020\/06\/darrera-installs-new-weather-station-marina-palamos\/","name":"Darrera instala la nueva estaci\u00f3n meteorol\u00f3gica de Marina Palam\u00f3s | Darrera","isPartOf":{"@id":"https:\/\/www.darrera.com\/es\/#website"},"primaryImageOfPage":{"@id":"https:\/\/www.darrera.com\/en\/news\/installations\/2020\/06\/darrera-installs-new-weather-station-marina-palamos\/#primaryimage"},"image":{"@id":"https:\/\/www.darrera.com\/en\/news\/installations\/2020\/06\/darrera-installs-new-weather-station-marina-palamos\/#primaryimage"},"thumbnailUrl":"https:\/\/www.darrera.com\/wp-content\/uploads\/2020\/06\/news-darrera-installs-new-weather-station-marina-palamos.jpg","datePublished":"2020-06-08T09:47:44+00:00","dateModified":"2020-06-08T09:57:22+00:00","breadcrumb":{"@id":"https:\/\/www.darrera.com\/en\/news\/installations\/2020\/06\/darrera-installs-new-weather-station-marina-palamos\/#breadcrumb"},"inLanguage":"es","potentialAction":[{"@type":"ReadAction","target":["https:\/\/www.darrera.com\/en\/news\/installations\/2020\/06\/darrera-installs-new-weather-station-marina-palamos\/"]}]},{"@type":"ImageObject","inLanguage":"es","@id":"https:\/\/www.darrera.com\/en\/news\/installations\/2020\/06\/darrera-installs-new-weather-station-marina-palamos\/#primaryimage","url":"https:\/\/www.darrera.com\/wp-content\/uploads\/2020\/06\/news-darrera-installs-new-weather-station-marina-palamos.jpg","contentUrl":"https:\/\/www.darrera.com\/wp-content\/uploads\/2020\/06\/news-darrera-installs-new-weather-station-marina-palamos.jpg","width":1170,"height":750,"caption":"Darrera instala la nueva estaci\u00f3n meteorol\u00f3gica de Marina Palam\u00f3s"},{"@type":"BreadcrumbList","@id":"https:\/\/www.darrera.com\/en\/news\/installations\/2020\/06\/darrera-installs-new-weather-station-marina-palamos\/#breadcrumb","itemListElement":[{"@type":"ListItem","position":1,"name":"Home","item":"https:\/\/www.darrera.com\/es\/"},{"@type":"ListItem","position":2,"name":"Darrera instala la nueva estaci\u00f3n meteorol\u00f3gica de Marina Palam\u00f3s"}]},{"@type":"WebSite","@id":"https:\/\/www.darrera.com\/es\/#website","url":"https:\/\/www.darrera.com\/es\/","name":"Darrera","description":"Instrumentos, soluciones y servicios meteorol\u00f3gicos","publisher":{"@id":"https:\/\/www.darrera.com\/es\/#organization"},"potentialAction":[{"@type":"SearchAction","target":{"@type":"EntryPoint","urlTemplate":"https:\/\/www.darrera.com\/es\/?s={search_term_string}"},"query-input":{"@type":"PropertyValueSpecification","valueRequired":true,"valueName":"search_term_string"}}],"inLanguage":"es"},{"@type":"Organization","@id":"https:\/\/www.darrera.com\/es\/#organization","name":"Darrera","url":"https:\/\/www.darrera.com\/es\/","logo":{"@type":"ImageObject","inLanguage":"es","@id":"https:\/\/www.darrera.com\/es\/#\/schema\/logo\/image\/","url":"https:\/\/www.darrera.com\/wp\/wp-content\/uploads\/logo-darrera.png","contentUrl":"https:\/\/www.darrera.com\/wp\/wp-content\/uploads\/logo-darrera.png","width":500,"height":85,"caption":"Darrera"},"image":{"@id":"https:\/\/www.darrera.com\/es\/#\/schema\/logo\/image\/"},"sameAs":["http:\/\/facebook.com\/darrerameteo","https:\/\/x.com\/darrera_meteo","https:\/\/www.linkedin.com\/company\/darrera-s-a-","http:\/\/youtube.com\/darreratv"]},{"@type":"Person","@id":"https:\/\/www.darrera.com\/es\/#\/schema\/person\/1343a9301b7253ed15f0d1a69e15b220","name":"Darrera","image":{"@type":"ImageObject","inLanguage":"es","@id":"https:\/\/secure.gravatar.com\/avatar\/33ff272113d47d151dae7e513c1e4307e28c4e2a7e87b05dba3e37ed4a070480?s=96&d=mm&r=g","url":"https:\/\/secure.gravatar.com\/avatar\/33ff272113d47d151dae7e513c1e4307e28c4e2a7e87b05dba3e37ed4a070480?s=96&d=mm&r=g","contentUrl":"https:\/\/secure.gravatar.com\/avatar\/33ff272113d47d151dae7e513c1e4307e28c4e2a7e87b05dba3e37ed4a070480?s=96&d=mm&r=g","caption":"Darrera"}}]}},"_links":{"self":[{"href":"https:\/\/www.darrera.com\/es\/wp-json\/wp\/v2\/posts\/3863","targetHints":{"allow":["GET"]}}],"collection":[{"href":"https:\/\/www.darrera.com\/es\/wp-json\/wp\/v2\/posts"}],"about":[{"href":"https:\/\/www.darrera.com\/es\/wp-json\/wp\/v2\/types\/post"}],"author":[{"embeddable":true,"href":"https:\/\/www.darrera.com\/es\/wp-json\/wp\/v2\/users\/2"}],"replies":[{"embeddable":true,"href":"https:\/\/www.darrera.com\/es\/wp-json\/wp\/v2\/comments?post=3863"}],"version-history":[{"count":1,"href":"https:\/\/www.darrera.com\/es\/wp-json\/wp\/v2\/posts\/3863\/revisions"}],"predecessor-version":[{"id":3864,"href":"https:\/\/www.darrera.com\/es\/wp-json\/wp\/v2\/posts\/3863\/revisions\/3864"}],"wp:featuredmedia":[{"embeddable":true,"href":"https:\/\/www.darrera.com\/es\/wp-json\/wp\/v2\/media\/3861"}],"wp:attachment":[{"href":"https:\/\/www.darrera.com\/es\/wp-json\/wp\/v2\/media?parent=3863"}],"wp:term":[{"taxonomy":"category","embeddable":true,"href":"https:\/\/www.darrera.com\/es\/wp-json\/wp\/v2\/categories?post=3863"},{"taxonomy":"post_tag","embeddable":true,"href":"https:\/\/www.darrera.com\/es\/wp-json\/wp\/v2\/tags?post=3863"}],"curies":[{"name":"wp","href":"https:\/\/api.w.org\/{rel}","templated":true}]}}