{"id":4676,"date":"2021-12-16T12:39:44","date_gmt":"2021-12-16T11:39:44","guid":{"rendered":"https:\/\/www.darrera.com\/wp\/?p=4676"},"modified":"2021-12-16T17:55:00","modified_gmt":"2021-12-16T16:55:00","slug":"darrera-lleva-cabo-instalacion-puesta-funcionamiento-mareografo-bahia-cadiz-navantia","status":"publish","type":"post","link":"https:\/\/www.darrera.com\/es\/noticias\/instalaciones\/2021\/12\/darrera-lleva-cabo-instalacion-puesta-funcionamiento-mareografo-bahia-cadiz-navantia\/","title":{"rendered":"Darrera lleva a cabo la instalaci\u00f3n y puesta en funcionamiento de un mare\u00f3grafo en Bah\u00eda de C\u00e1diz para Navantia"},"content":{"rendered":"<h3>La nueva estaci\u00f3n instalada en el astillero de San Fernando ha permitido monitorizar el nivel del mar de forma precisa y en tiempo real durante las maniobras de botadura de la corbeta Unayzah, construida por Navantia para la Marina Real de Arabia Saud\u00ed.<\/h3>\n<p>El mare\u00f3grafo LX-80 utiliza tecnolog\u00eda radar de microondas para medir el nivel del mar bajo cualquier condici\u00f3n meteorol\u00f3gica, incluyendo lluvia, niebla o roc\u00edo, y presenta un dise\u00f1o compacto fabricado en aluminio anodizado para garantizar una alta resistencia en entornos marinos sin verse afectado por las salpicaduras del mar.<\/p>\n<p>La soluci\u00f3n desarrollada \u00edntegramente por Darrera cuenta con sistema de alimentaci\u00f3n solar para un funcionamiento totalmente aut\u00f3nomo, estructura abatible fabricada en acero inoxidable AISI 304 y datalogger con sistema de comunicaci\u00f3n tanto local como 4G, permitiendo a los operarios de Navantia acceder a la informaci\u00f3n registrada por la estaci\u00f3n de forma remota a trav\u00e9s de la plataforma online Weathercloud.<\/p>\n","protected":false},"excerpt":{"rendered":"<p>La nueva estaci\u00f3n instalada en el astillero de San Fernando ha permitido monitorizar el nivel del mar de forma precisa y en tiempo real durante las maniobras de botadura de la corbeta Unayzah, construida por Navantia para la Marina Real de Arabia Saud\u00ed.<\/p>\n","protected":false},"author":2,"featured_media":4679,"comment_status":"closed","ping_status":"open","sticky":false,"template":"","format":"standard","meta":{"footnotes":""},"categories":[59],"tags":[62,77,95,84,88],"class_list":["post-4676","post","type-post","status-publish","format-standard","has-post-thumbnail","hentry","category-instalaciones","tag-conectividad-3g","tag-instalacion","tag-marea","tag-puerto","tag-remoto"],"yoast_head":"<!-- This site is optimized with the Yoast SEO plugin v27.4 - https:\/\/yoast.com\/product\/yoast-seo-wordpress\/ -->\n<title>Darrera lleva a cabo la instalaci\u00f3n y puesta en funcionamiento de un mare\u00f3grafo en Bah\u00eda de C\u00e1diz para Navantia | Darrera<\/title>\n<meta name=\"robots\" content=\"index, follow, max-snippet:-1, max-image-preview:large, max-video-preview:-1\" \/>\n<link rel=\"canonical\" href=\"https:\/\/www.darrera.com\/es\/noticias\/instalaciones\/2021\/12\/darrera-lleva-cabo-instalacion-puesta-funcionamiento-mareografo-bahia-cadiz-navantia\/\" \/>\n<meta property=\"og:locale\" content=\"es_ES\" \/>\n<meta property=\"og:type\" content=\"article\" \/>\n<meta property=\"og:title\" content=\"Darrera lleva a cabo la instalaci\u00f3n y puesta en funcionamiento de un mare\u00f3grafo en Bah\u00eda de C\u00e1diz para Navantia | Darrera\" \/>\n<meta property=\"og:description\" content=\"La nueva estaci\u00f3n instalada en el astillero de San Fernando ha permitido monitorizar el nivel del mar de forma precisa y en tiempo real durante las maniobras de botadura de la corbeta Unayzah, construida por Navantia para la Marina Real de Arabia Saud\u00ed.\" \/>\n<meta property=\"og:url\" content=\"https:\/\/www.darrera.com\/es\/noticias\/instalaciones\/2021\/12\/darrera-lleva-cabo-instalacion-puesta-funcionamiento-mareografo-bahia-cadiz-navantia\/\" \/>\n<meta property=\"og:site_name\" content=\"Darrera\" \/>\n<meta property=\"article:publisher\" content=\"http:\/\/facebook.com\/darrerameteo\" \/>\n<meta property=\"article:published_time\" content=\"2021-12-16T11:39:44+00:00\" \/>\n<meta property=\"article:modified_time\" content=\"2021-12-16T16:55:00+00:00\" \/>\n<meta property=\"og:image\" content=\"https:\/\/www.darrera.com\/wp-content\/uploads\/2021\/12\/news-darrera-carries-out-installation-commissioning-tide-station-bay-Cadiz-navantia.jpg\" \/>\n\t<meta property=\"og:image:width\" content=\"1170\" \/>\n\t<meta property=\"og:image:height\" content=\"750\" \/>\n\t<meta property=\"og:image:type\" content=\"image\/jpeg\" \/>\n<meta name=\"author\" content=\"Darrera\" \/>\n<meta name=\"twitter:card\" content=\"summary_large_image\" \/>\n<meta name=\"twitter:creator\" content=\"@darrera_meteo\" \/>\n<meta name=\"twitter:site\" content=\"@darrera_meteo\" \/>\n<meta name=\"twitter:label1\" content=\"Escrito por\" \/>\n\t<meta name=\"twitter:data1\" content=\"Darrera\" \/>\n\t<meta name=\"twitter:label2\" content=\"Tiempo de lectura\" \/>\n\t<meta name=\"twitter:data2\" content=\"1 minuto\" \/>\n<script type=\"application\/ld+json\" class=\"yoast-schema-graph\">{\"@context\":\"https:\\\/\\\/schema.org\",\"@graph\":[{\"@type\":\"Article\",\"@id\":\"https:\\\/\\\/www.darrera.com\\\/es\\\/noticias\\\/instalaciones\\\/2021\\\/12\\\/darrera-lleva-cabo-instalacion-puesta-funcionamiento-mareografo-bahia-cadiz-navantia\\\/#article\",\"isPartOf\":{\"@id\":\"https:\\\/\\\/www.darrera.com\\\/es\\\/noticias\\\/instalaciones\\\/2021\\\/12\\\/darrera-lleva-cabo-instalacion-puesta-funcionamiento-mareografo-bahia-cadiz-navantia\\\/\"},\"author\":{\"name\":\"Darrera\",\"@id\":\"https:\\\/\\\/www.darrera.com\\\/es\\\/#\\\/schema\\\/person\\\/1343a9301b7253ed15f0d1a69e15b220\"},\"headline\":\"Darrera lleva a cabo la instalaci\u00f3n y puesta en funcionamiento de un mare\u00f3grafo en Bah\u00eda de C\u00e1diz para Navantia\",\"datePublished\":\"2021-12-16T11:39:44+00:00\",\"dateModified\":\"2021-12-16T16:55:00+00:00\",\"mainEntityOfPage\":{\"@id\":\"https:\\\/\\\/www.darrera.com\\\/es\\\/noticias\\\/instalaciones\\\/2021\\\/12\\\/darrera-lleva-cabo-instalacion-puesta-funcionamiento-mareografo-bahia-cadiz-navantia\\\/\"},\"wordCount\":186,\"publisher\":{\"@id\":\"https:\\\/\\\/www.darrera.com\\\/es\\\/#organization\"},\"image\":{\"@id\":\"https:\\\/\\\/www.darrera.com\\\/es\\\/noticias\\\/instalaciones\\\/2021\\\/12\\\/darrera-lleva-cabo-instalacion-puesta-funcionamiento-mareografo-bahia-cadiz-navantia\\\/#primaryimage\"},\"thumbnailUrl\":\"https:\\\/\\\/www.darrera.com\\\/wp-content\\\/uploads\\\/2021\\\/12\\\/news-darrera-carries-out-installation-commissioning-tide-station-bay-Cadiz-navantia.jpg\",\"keywords\":[\"conectividad 3g\",\"instalaci\u00f3n\",\"marea\",\"puerto\",\"remoto\"],\"articleSection\":[\"Instalaciones\"],\"inLanguage\":\"es\"},{\"@type\":\"WebPage\",\"@id\":\"https:\\\/\\\/www.darrera.com\\\/es\\\/noticias\\\/instalaciones\\\/2021\\\/12\\\/darrera-lleva-cabo-instalacion-puesta-funcionamiento-mareografo-bahia-cadiz-navantia\\\/\",\"url\":\"https:\\\/\\\/www.darrera.com\\\/es\\\/noticias\\\/instalaciones\\\/2021\\\/12\\\/darrera-lleva-cabo-instalacion-puesta-funcionamiento-mareografo-bahia-cadiz-navantia\\\/\",\"name\":\"Darrera lleva a cabo la instalaci\u00f3n y puesta en funcionamiento de un mare\u00f3grafo en Bah\u00eda de C\u00e1diz para Navantia | Darrera\",\"isPartOf\":{\"@id\":\"https:\\\/\\\/www.darrera.com\\\/es\\\/#website\"},\"primaryImageOfPage\":{\"@id\":\"https:\\\/\\\/www.darrera.com\\\/es\\\/noticias\\\/instalaciones\\\/2021\\\/12\\\/darrera-lleva-cabo-instalacion-puesta-funcionamiento-mareografo-bahia-cadiz-navantia\\\/#primaryimage\"},\"image\":{\"@id\":\"https:\\\/\\\/www.darrera.com\\\/es\\\/noticias\\\/instalaciones\\\/2021\\\/12\\\/darrera-lleva-cabo-instalacion-puesta-funcionamiento-mareografo-bahia-cadiz-navantia\\\/#primaryimage\"},\"thumbnailUrl\":\"https:\\\/\\\/www.darrera.com\\\/wp-content\\\/uploads\\\/2021\\\/12\\\/news-darrera-carries-out-installation-commissioning-tide-station-bay-Cadiz-navantia.jpg\",\"datePublished\":\"2021-12-16T11:39:44+00:00\",\"dateModified\":\"2021-12-16T16:55:00+00:00\",\"breadcrumb\":{\"@id\":\"https:\\\/\\\/www.darrera.com\\\/es\\\/noticias\\\/instalaciones\\\/2021\\\/12\\\/darrera-lleva-cabo-instalacion-puesta-funcionamiento-mareografo-bahia-cadiz-navantia\\\/#breadcrumb\"},\"inLanguage\":\"es\",\"potentialAction\":[{\"@type\":\"ReadAction\",\"target\":[\"https:\\\/\\\/www.darrera.com\\\/es\\\/noticias\\\/instalaciones\\\/2021\\\/12\\\/darrera-lleva-cabo-instalacion-puesta-funcionamiento-mareografo-bahia-cadiz-navantia\\\/\"]}]},{\"@type\":\"ImageObject\",\"inLanguage\":\"es\",\"@id\":\"https:\\\/\\\/www.darrera.com\\\/es\\\/noticias\\\/instalaciones\\\/2021\\\/12\\\/darrera-lleva-cabo-instalacion-puesta-funcionamiento-mareografo-bahia-cadiz-navantia\\\/#primaryimage\",\"url\":\"https:\\\/\\\/www.darrera.com\\\/wp-content\\\/uploads\\\/2021\\\/12\\\/news-darrera-carries-out-installation-commissioning-tide-station-bay-Cadiz-navantia.jpg\",\"contentUrl\":\"https:\\\/\\\/www.darrera.com\\\/wp-content\\\/uploads\\\/2021\\\/12\\\/news-darrera-carries-out-installation-commissioning-tide-station-bay-Cadiz-navantia.jpg\",\"width\":1170,\"height\":750,\"caption\":\"Darrera lleva a cabo la instalaci\u00f3n y puesta en funcionamiento de un mare\u00f3grafo en Bah\u00eda de C\u00e1diz para Navantia\"},{\"@type\":\"BreadcrumbList\",\"@id\":\"https:\\\/\\\/www.darrera.com\\\/es\\\/noticias\\\/instalaciones\\\/2021\\\/12\\\/darrera-lleva-cabo-instalacion-puesta-funcionamiento-mareografo-bahia-cadiz-navantia\\\/#breadcrumb\",\"itemListElement\":[{\"@type\":\"ListItem\",\"position\":1,\"name\":\"Home\",\"item\":\"https:\\\/\\\/www.darrera.com\\\/es\\\/\"},{\"@type\":\"ListItem\",\"position\":2,\"name\":\"Darrera lleva a cabo la instalaci\u00f3n y puesta en funcionamiento de un mare\u00f3grafo en Bah\u00eda de C\u00e1diz para Navantia\"}]},{\"@type\":\"WebSite\",\"@id\":\"https:\\\/\\\/www.darrera.com\\\/es\\\/#website\",\"url\":\"https:\\\/\\\/www.darrera.com\\\/es\\\/\",\"name\":\"Darrera\",\"description\":\"Instrumentos, soluciones y servicios meteorol\u00f3gicos\",\"publisher\":{\"@id\":\"https:\\\/\\\/www.darrera.com\\\/es\\\/#organization\"},\"potentialAction\":[{\"@type\":\"SearchAction\",\"target\":{\"@type\":\"EntryPoint\",\"urlTemplate\":\"https:\\\/\\\/www.darrera.com\\\/es\\\/?s={search_term_string}\"},\"query-input\":{\"@type\":\"PropertyValueSpecification\",\"valueRequired\":true,\"valueName\":\"search_term_string\"}}],\"inLanguage\":\"es\"},{\"@type\":\"Organization\",\"@id\":\"https:\\\/\\\/www.darrera.com\\\/es\\\/#organization\",\"name\":\"Darrera\",\"url\":\"https:\\\/\\\/www.darrera.com\\\/es\\\/\",\"logo\":{\"@type\":\"ImageObject\",\"inLanguage\":\"es\",\"@id\":\"https:\\\/\\\/www.darrera.com\\\/es\\\/#\\\/schema\\\/logo\\\/image\\\/\",\"url\":\"https:\\\/\\\/www.darrera.com\\\/wp\\\/wp-content\\\/uploads\\\/logo-darrera.png\",\"contentUrl\":\"https:\\\/\\\/www.darrera.com\\\/wp\\\/wp-content\\\/uploads\\\/logo-darrera.png\",\"width\":500,\"height\":85,\"caption\":\"Darrera\"},\"image\":{\"@id\":\"https:\\\/\\\/www.darrera.com\\\/es\\\/#\\\/schema\\\/logo\\\/image\\\/\"},\"sameAs\":[\"http:\\\/\\\/facebook.com\\\/darrerameteo\",\"https:\\\/\\\/x.com\\\/darrera_meteo\",\"https:\\\/\\\/www.linkedin.com\\\/company\\\/darrera-s-a-\",\"http:\\\/\\\/youtube.com\\\/darreratv\"]},{\"@type\":\"Person\",\"@id\":\"https:\\\/\\\/www.darrera.com\\\/es\\\/#\\\/schema\\\/person\\\/1343a9301b7253ed15f0d1a69e15b220\",\"name\":\"Darrera\",\"image\":{\"@type\":\"ImageObject\",\"inLanguage\":\"es\",\"@id\":\"https:\\\/\\\/secure.gravatar.com\\\/avatar\\\/33ff272113d47d151dae7e513c1e4307e28c4e2a7e87b05dba3e37ed4a070480?s=96&d=mm&r=g\",\"url\":\"https:\\\/\\\/secure.gravatar.com\\\/avatar\\\/33ff272113d47d151dae7e513c1e4307e28c4e2a7e87b05dba3e37ed4a070480?s=96&d=mm&r=g\",\"contentUrl\":\"https:\\\/\\\/secure.gravatar.com\\\/avatar\\\/33ff272113d47d151dae7e513c1e4307e28c4e2a7e87b05dba3e37ed4a070480?s=96&d=mm&r=g\",\"caption\":\"Darrera\"}}]}<\/script>\n<!-- \/ Yoast SEO plugin. -->","yoast_head_json":{"title":"Darrera lleva a cabo la instalaci\u00f3n y puesta en funcionamiento de un mare\u00f3grafo en Bah\u00eda de C\u00e1diz para Navantia | Darrera","robots":{"index":"index","follow":"follow","max-snippet":"max-snippet:-1","max-image-preview":"max-image-preview:large","max-video-preview":"max-video-preview:-1"},"canonical":"https:\/\/www.darrera.com\/es\/noticias\/instalaciones\/2021\/12\/darrera-lleva-cabo-instalacion-puesta-funcionamiento-mareografo-bahia-cadiz-navantia\/","og_locale":"es_ES","og_type":"article","og_title":"Darrera lleva a cabo la instalaci\u00f3n y puesta en funcionamiento de un mare\u00f3grafo en Bah\u00eda de C\u00e1diz para Navantia | Darrera","og_description":"La nueva estaci\u00f3n instalada en el astillero de San Fernando ha permitido monitorizar el nivel del mar de forma precisa y en tiempo real durante las maniobras de botadura de la corbeta Unayzah, construida por Navantia para la Marina Real de Arabia Saud\u00ed.","og_url":"https:\/\/www.darrera.com\/es\/noticias\/instalaciones\/2021\/12\/darrera-lleva-cabo-instalacion-puesta-funcionamiento-mareografo-bahia-cadiz-navantia\/","og_site_name":"Darrera","article_publisher":"http:\/\/facebook.com\/darrerameteo","article_published_time":"2021-12-16T11:39:44+00:00","article_modified_time":"2021-12-16T16:55:00+00:00","og_image":[{"width":1170,"height":750,"url":"https:\/\/www.darrera.com\/wp-content\/uploads\/2021\/12\/news-darrera-carries-out-installation-commissioning-tide-station-bay-Cadiz-navantia.jpg","type":"image\/jpeg"}],"author":"Darrera","twitter_card":"summary_large_image","twitter_creator":"@darrera_meteo","twitter_site":"@darrera_meteo","twitter_misc":{"Escrito por":"Darrera","Tiempo de lectura":"1 minuto"},"schema":{"@context":"https:\/\/schema.org","@graph":[{"@type":"Article","@id":"https:\/\/www.darrera.com\/es\/noticias\/instalaciones\/2021\/12\/darrera-lleva-cabo-instalacion-puesta-funcionamiento-mareografo-bahia-cadiz-navantia\/#article","isPartOf":{"@id":"https:\/\/www.darrera.com\/es\/noticias\/instalaciones\/2021\/12\/darrera-lleva-cabo-instalacion-puesta-funcionamiento-mareografo-bahia-cadiz-navantia\/"},"author":{"name":"Darrera","@id":"https:\/\/www.darrera.com\/es\/#\/schema\/person\/1343a9301b7253ed15f0d1a69e15b220"},"headline":"Darrera lleva a cabo la instalaci\u00f3n y puesta en funcionamiento de un mare\u00f3grafo en Bah\u00eda de C\u00e1diz para Navantia","datePublished":"2021-12-16T11:39:44+00:00","dateModified":"2021-12-16T16:55:00+00:00","mainEntityOfPage":{"@id":"https:\/\/www.darrera.com\/es\/noticias\/instalaciones\/2021\/12\/darrera-lleva-cabo-instalacion-puesta-funcionamiento-mareografo-bahia-cadiz-navantia\/"},"wordCount":186,"publisher":{"@id":"https:\/\/www.darrera.com\/es\/#organization"},"image":{"@id":"https:\/\/www.darrera.com\/es\/noticias\/instalaciones\/2021\/12\/darrera-lleva-cabo-instalacion-puesta-funcionamiento-mareografo-bahia-cadiz-navantia\/#primaryimage"},"thumbnailUrl":"https:\/\/www.darrera.com\/wp-content\/uploads\/2021\/12\/news-darrera-carries-out-installation-commissioning-tide-station-bay-Cadiz-navantia.jpg","keywords":["conectividad 3g","instalaci\u00f3n","marea","puerto","remoto"],"articleSection":["Instalaciones"],"inLanguage":"es"},{"@type":"WebPage","@id":"https:\/\/www.darrera.com\/es\/noticias\/instalaciones\/2021\/12\/darrera-lleva-cabo-instalacion-puesta-funcionamiento-mareografo-bahia-cadiz-navantia\/","url":"https:\/\/www.darrera.com\/es\/noticias\/instalaciones\/2021\/12\/darrera-lleva-cabo-instalacion-puesta-funcionamiento-mareografo-bahia-cadiz-navantia\/","name":"Darrera lleva a cabo la instalaci\u00f3n y puesta en funcionamiento de un mare\u00f3grafo en Bah\u00eda de C\u00e1diz para Navantia | Darrera","isPartOf":{"@id":"https:\/\/www.darrera.com\/es\/#website"},"primaryImageOfPage":{"@id":"https:\/\/www.darrera.com\/es\/noticias\/instalaciones\/2021\/12\/darrera-lleva-cabo-instalacion-puesta-funcionamiento-mareografo-bahia-cadiz-navantia\/#primaryimage"},"image":{"@id":"https:\/\/www.darrera.com\/es\/noticias\/instalaciones\/2021\/12\/darrera-lleva-cabo-instalacion-puesta-funcionamiento-mareografo-bahia-cadiz-navantia\/#primaryimage"},"thumbnailUrl":"https:\/\/www.darrera.com\/wp-content\/uploads\/2021\/12\/news-darrera-carries-out-installation-commissioning-tide-station-bay-Cadiz-navantia.jpg","datePublished":"2021-12-16T11:39:44+00:00","dateModified":"2021-12-16T16:55:00+00:00","breadcrumb":{"@id":"https:\/\/www.darrera.com\/es\/noticias\/instalaciones\/2021\/12\/darrera-lleva-cabo-instalacion-puesta-funcionamiento-mareografo-bahia-cadiz-navantia\/#breadcrumb"},"inLanguage":"es","potentialAction":[{"@type":"ReadAction","target":["https:\/\/www.darrera.com\/es\/noticias\/instalaciones\/2021\/12\/darrera-lleva-cabo-instalacion-puesta-funcionamiento-mareografo-bahia-cadiz-navantia\/"]}]},{"@type":"ImageObject","inLanguage":"es","@id":"https:\/\/www.darrera.com\/es\/noticias\/instalaciones\/2021\/12\/darrera-lleva-cabo-instalacion-puesta-funcionamiento-mareografo-bahia-cadiz-navantia\/#primaryimage","url":"https:\/\/www.darrera.com\/wp-content\/uploads\/2021\/12\/news-darrera-carries-out-installation-commissioning-tide-station-bay-Cadiz-navantia.jpg","contentUrl":"https:\/\/www.darrera.com\/wp-content\/uploads\/2021\/12\/news-darrera-carries-out-installation-commissioning-tide-station-bay-Cadiz-navantia.jpg","width":1170,"height":750,"caption":"Darrera lleva a cabo la instalaci\u00f3n y puesta en funcionamiento de un mare\u00f3grafo en Bah\u00eda de C\u00e1diz para Navantia"},{"@type":"BreadcrumbList","@id":"https:\/\/www.darrera.com\/es\/noticias\/instalaciones\/2021\/12\/darrera-lleva-cabo-instalacion-puesta-funcionamiento-mareografo-bahia-cadiz-navantia\/#breadcrumb","itemListElement":[{"@type":"ListItem","position":1,"name":"Home","item":"https:\/\/www.darrera.com\/es\/"},{"@type":"ListItem","position":2,"name":"Darrera lleva a cabo la instalaci\u00f3n y puesta en funcionamiento de un mare\u00f3grafo en Bah\u00eda de C\u00e1diz para Navantia"}]},{"@type":"WebSite","@id":"https:\/\/www.darrera.com\/es\/#website","url":"https:\/\/www.darrera.com\/es\/","name":"Darrera","description":"Instrumentos, soluciones y servicios meteorol\u00f3gicos","publisher":{"@id":"https:\/\/www.darrera.com\/es\/#organization"},"potentialAction":[{"@type":"SearchAction","target":{"@type":"EntryPoint","urlTemplate":"https:\/\/www.darrera.com\/es\/?s={search_term_string}"},"query-input":{"@type":"PropertyValueSpecification","valueRequired":true,"valueName":"search_term_string"}}],"inLanguage":"es"},{"@type":"Organization","@id":"https:\/\/www.darrera.com\/es\/#organization","name":"Darrera","url":"https:\/\/www.darrera.com\/es\/","logo":{"@type":"ImageObject","inLanguage":"es","@id":"https:\/\/www.darrera.com\/es\/#\/schema\/logo\/image\/","url":"https:\/\/www.darrera.com\/wp\/wp-content\/uploads\/logo-darrera.png","contentUrl":"https:\/\/www.darrera.com\/wp\/wp-content\/uploads\/logo-darrera.png","width":500,"height":85,"caption":"Darrera"},"image":{"@id":"https:\/\/www.darrera.com\/es\/#\/schema\/logo\/image\/"},"sameAs":["http:\/\/facebook.com\/darrerameteo","https:\/\/x.com\/darrera_meteo","https:\/\/www.linkedin.com\/company\/darrera-s-a-","http:\/\/youtube.com\/darreratv"]},{"@type":"Person","@id":"https:\/\/www.darrera.com\/es\/#\/schema\/person\/1343a9301b7253ed15f0d1a69e15b220","name":"Darrera","image":{"@type":"ImageObject","inLanguage":"es","@id":"https:\/\/secure.gravatar.com\/avatar\/33ff272113d47d151dae7e513c1e4307e28c4e2a7e87b05dba3e37ed4a070480?s=96&d=mm&r=g","url":"https:\/\/secure.gravatar.com\/avatar\/33ff272113d47d151dae7e513c1e4307e28c4e2a7e87b05dba3e37ed4a070480?s=96&d=mm&r=g","contentUrl":"https:\/\/secure.gravatar.com\/avatar\/33ff272113d47d151dae7e513c1e4307e28c4e2a7e87b05dba3e37ed4a070480?s=96&d=mm&r=g","caption":"Darrera"}}]}},"_links":{"self":[{"href":"https:\/\/www.darrera.com\/es\/wp-json\/wp\/v2\/posts\/4676","targetHints":{"allow":["GET"]}}],"collection":[{"href":"https:\/\/www.darrera.com\/es\/wp-json\/wp\/v2\/posts"}],"about":[{"href":"https:\/\/www.darrera.com\/es\/wp-json\/wp\/v2\/types\/post"}],"author":[{"embeddable":true,"href":"https:\/\/www.darrera.com\/es\/wp-json\/wp\/v2\/users\/2"}],"replies":[{"embeddable":true,"href":"https:\/\/www.darrera.com\/es\/wp-json\/wp\/v2\/comments?post=4676"}],"version-history":[{"count":9,"href":"https:\/\/www.darrera.com\/es\/wp-json\/wp\/v2\/posts\/4676\/revisions"}],"predecessor-version":[{"id":4695,"href":"https:\/\/www.darrera.com\/es\/wp-json\/wp\/v2\/posts\/4676\/revisions\/4695"}],"wp:featuredmedia":[{"embeddable":true,"href":"https:\/\/www.darrera.com\/es\/wp-json\/wp\/v2\/media\/4679"}],"wp:attachment":[{"href":"https:\/\/www.darrera.com\/es\/wp-json\/wp\/v2\/media?parent=4676"}],"wp:term":[{"taxonomy":"category","embeddable":true,"href":"https:\/\/www.darrera.com\/es\/wp-json\/wp\/v2\/categories?post=4676"},{"taxonomy":"post_tag","embeddable":true,"href":"https:\/\/www.darrera.com\/es\/wp-json\/wp\/v2\/tags?post=4676"}],"curies":[{"name":"wp","href":"https:\/\/api.w.org\/{rel}","templated":true}]}}