{"id":4739,"date":"2022-01-04T17:34:39","date_gmt":"2022-01-04T16:34:39","guid":{"rendered":"https:\/\/www.darrera.com\/wp\/?p=4739"},"modified":"2022-01-05T08:59:48","modified_gmt":"2022-01-05T07:59:48","slug":"aeropuerto-internacional-guayaquil-instala-estacion-pluviometrica-suministrada-darrera","status":"publish","type":"post","link":"https:\/\/www.darrera.com\/es\/noticias\/suministros\/2022\/01\/aeropuerto-internacional-guayaquil-instala-estacion-pluviometrica-suministrada-darrera\/","title":{"rendered":"El Aeropuerto Internacional de Guayaquil instala una estaci\u00f3n pluviom\u00e9trica suministrada por Darrera"},"content":{"rendered":"<h3>Los operadores del aeropuerto ya pueden monitorizar la intensidad y el acumulado de lluvia de forma remota y en tiempo real a trav\u00e9s de la plataforma online Weathercloud.<\/h3>\n<p>La nueva estaci\u00f3n pluviom\u00e9trica instalada en las proximidades de la pista de aterrizaje del Aeropuerto Internacional Jos\u00e9 Joaqu\u00edn de Olmedo, el aeropuerto ecuatoriano con mayor tr\u00e1nsito de pasajeros internacionales, est\u00e1 equipada con sistema de alimentaci\u00f3n solar para un funcionamiento totalmente aut\u00f3nomo y datalogger con sistema de comunicaci\u00f3n 4G para el env\u00edo automatizado de los datos a la nube. Los operadores del aeropuerto pueden hacer uso de la plataforma Weathercloud para configurar alertas por intensidad de lluvia, generar informes diarios, mensuales y anuales, crear gr\u00e1ficas personalizadas e incluso exportar los datos para utilizarlos en otras aplicaciones.<\/p>\n","protected":false},"excerpt":{"rendered":"<p>Los operadores del aeropuerto ya pueden monitorizar la intensidad y el acumulado de lluvia de forma remota y en tiempo real a trav\u00e9s de la plataforma online Weathercloud.<\/p>\n","protected":false},"author":2,"featured_media":4743,"comment_status":"closed","ping_status":"open","sticky":false,"template":"","format":"standard","meta":{"footnotes":""},"categories":[61],"tags":[136,103,87,88],"class_list":["post-4739","post","type-post","status-publish","format-standard","has-post-thumbnail","hentry","category-suministros","tag-aeropuerto","tag-estacion-meteorologica","tag-lluvia","tag-remoto"],"yoast_head":"<!-- This site is optimized with the Yoast SEO plugin v27.4 - https:\/\/yoast.com\/product\/yoast-seo-wordpress\/ -->\n<title>El Aeropuerto Internacional de Guayaquil instala una estaci\u00f3n pluviom\u00e9trica suministrada por Darrera | Darrera<\/title>\n<meta name=\"robots\" content=\"index, follow, max-snippet:-1, max-image-preview:large, max-video-preview:-1\" \/>\n<link rel=\"canonical\" href=\"https:\/\/www.darrera.com\/es\/noticias\/suministros\/2022\/01\/aeropuerto-internacional-guayaquil-instala-estacion-pluviometrica-suministrada-darrera\/\" \/>\n<meta property=\"og:locale\" content=\"es_ES\" \/>\n<meta property=\"og:type\" content=\"article\" \/>\n<meta property=\"og:title\" content=\"El Aeropuerto Internacional de Guayaquil instala una estaci\u00f3n pluviom\u00e9trica suministrada por Darrera | Darrera\" \/>\n<meta property=\"og:description\" content=\"Los operadores del aeropuerto ya pueden monitorizar la intensidad y el acumulado de lluvia de forma remota y en tiempo real a trav\u00e9s de la plataforma online Weathercloud.\" \/>\n<meta property=\"og:url\" content=\"https:\/\/www.darrera.com\/es\/noticias\/suministros\/2022\/01\/aeropuerto-internacional-guayaquil-instala-estacion-pluviometrica-suministrada-darrera\/\" \/>\n<meta property=\"og:site_name\" content=\"Darrera\" \/>\n<meta property=\"article:publisher\" content=\"http:\/\/facebook.com\/darrerameteo\" \/>\n<meta property=\"article:published_time\" content=\"2022-01-04T16:34:39+00:00\" \/>\n<meta property=\"article:modified_time\" content=\"2022-01-05T07:59:48+00:00\" \/>\n<meta property=\"og:image\" content=\"https:\/\/www.darrera.com\/wp-content\/uploads\/2022\/01\/news-guayaquil-international-airport-installs-precipitation-station-supplied-darrera.jpg\" \/>\n\t<meta property=\"og:image:width\" content=\"1170\" \/>\n\t<meta property=\"og:image:height\" content=\"750\" \/>\n\t<meta property=\"og:image:type\" content=\"image\/jpeg\" \/>\n<meta name=\"author\" content=\"Darrera\" \/>\n<meta name=\"twitter:card\" content=\"summary_large_image\" \/>\n<meta name=\"twitter:creator\" content=\"@darrera_meteo\" \/>\n<meta name=\"twitter:site\" content=\"@darrera_meteo\" \/>\n<meta name=\"twitter:label1\" content=\"Escrito por\" \/>\n\t<meta name=\"twitter:data1\" content=\"Darrera\" \/>\n\t<meta name=\"twitter:label2\" content=\"Tiempo de lectura\" \/>\n\t<meta name=\"twitter:data2\" content=\"1 minuto\" \/>\n<script type=\"application\/ld+json\" class=\"yoast-schema-graph\">{\"@context\":\"https:\\\/\\\/schema.org\",\"@graph\":[{\"@type\":\"Article\",\"@id\":\"https:\\\/\\\/www.darrera.com\\\/es\\\/noticias\\\/suministros\\\/2022\\\/01\\\/aeropuerto-internacional-guayaquil-instala-estacion-pluviometrica-suministrada-darrera\\\/#article\",\"isPartOf\":{\"@id\":\"https:\\\/\\\/www.darrera.com\\\/es\\\/noticias\\\/suministros\\\/2022\\\/01\\\/aeropuerto-internacional-guayaquil-instala-estacion-pluviometrica-suministrada-darrera\\\/\"},\"author\":{\"name\":\"Darrera\",\"@id\":\"https:\\\/\\\/www.darrera.com\\\/es\\\/#\\\/schema\\\/person\\\/1343a9301b7253ed15f0d1a69e15b220\"},\"headline\":\"El Aeropuerto Internacional de Guayaquil instala una estaci\u00f3n pluviom\u00e9trica suministrada por Darrera\",\"datePublished\":\"2022-01-04T16:34:39+00:00\",\"dateModified\":\"2022-01-05T07:59:48+00:00\",\"mainEntityOfPage\":{\"@id\":\"https:\\\/\\\/www.darrera.com\\\/es\\\/noticias\\\/suministros\\\/2022\\\/01\\\/aeropuerto-internacional-guayaquil-instala-estacion-pluviometrica-suministrada-darrera\\\/\"},\"wordCount\":147,\"publisher\":{\"@id\":\"https:\\\/\\\/www.darrera.com\\\/es\\\/#organization\"},\"image\":{\"@id\":\"https:\\\/\\\/www.darrera.com\\\/es\\\/noticias\\\/suministros\\\/2022\\\/01\\\/aeropuerto-internacional-guayaquil-instala-estacion-pluviometrica-suministrada-darrera\\\/#primaryimage\"},\"thumbnailUrl\":\"https:\\\/\\\/www.darrera.com\\\/wp-content\\\/uploads\\\/2022\\\/01\\\/news-guayaquil-international-airport-installs-precipitation-station-supplied-darrera.jpg\",\"keywords\":[\"aeropuerto\",\"estaci\u00f3n meteorol\u00f3gica\",\"lluvia\",\"remoto\"],\"articleSection\":[\"Suministros\"],\"inLanguage\":\"es\"},{\"@type\":\"WebPage\",\"@id\":\"https:\\\/\\\/www.darrera.com\\\/es\\\/noticias\\\/suministros\\\/2022\\\/01\\\/aeropuerto-internacional-guayaquil-instala-estacion-pluviometrica-suministrada-darrera\\\/\",\"url\":\"https:\\\/\\\/www.darrera.com\\\/es\\\/noticias\\\/suministros\\\/2022\\\/01\\\/aeropuerto-internacional-guayaquil-instala-estacion-pluviometrica-suministrada-darrera\\\/\",\"name\":\"El Aeropuerto Internacional de Guayaquil instala una estaci\u00f3n pluviom\u00e9trica suministrada por Darrera | Darrera\",\"isPartOf\":{\"@id\":\"https:\\\/\\\/www.darrera.com\\\/es\\\/#website\"},\"primaryImageOfPage\":{\"@id\":\"https:\\\/\\\/www.darrera.com\\\/es\\\/noticias\\\/suministros\\\/2022\\\/01\\\/aeropuerto-internacional-guayaquil-instala-estacion-pluviometrica-suministrada-darrera\\\/#primaryimage\"},\"image\":{\"@id\":\"https:\\\/\\\/www.darrera.com\\\/es\\\/noticias\\\/suministros\\\/2022\\\/01\\\/aeropuerto-internacional-guayaquil-instala-estacion-pluviometrica-suministrada-darrera\\\/#primaryimage\"},\"thumbnailUrl\":\"https:\\\/\\\/www.darrera.com\\\/wp-content\\\/uploads\\\/2022\\\/01\\\/news-guayaquil-international-airport-installs-precipitation-station-supplied-darrera.jpg\",\"datePublished\":\"2022-01-04T16:34:39+00:00\",\"dateModified\":\"2022-01-05T07:59:48+00:00\",\"breadcrumb\":{\"@id\":\"https:\\\/\\\/www.darrera.com\\\/es\\\/noticias\\\/suministros\\\/2022\\\/01\\\/aeropuerto-internacional-guayaquil-instala-estacion-pluviometrica-suministrada-darrera\\\/#breadcrumb\"},\"inLanguage\":\"es\",\"potentialAction\":[{\"@type\":\"ReadAction\",\"target\":[\"https:\\\/\\\/www.darrera.com\\\/es\\\/noticias\\\/suministros\\\/2022\\\/01\\\/aeropuerto-internacional-guayaquil-instala-estacion-pluviometrica-suministrada-darrera\\\/\"]}]},{\"@type\":\"ImageObject\",\"inLanguage\":\"es\",\"@id\":\"https:\\\/\\\/www.darrera.com\\\/es\\\/noticias\\\/suministros\\\/2022\\\/01\\\/aeropuerto-internacional-guayaquil-instala-estacion-pluviometrica-suministrada-darrera\\\/#primaryimage\",\"url\":\"https:\\\/\\\/www.darrera.com\\\/wp-content\\\/uploads\\\/2022\\\/01\\\/news-guayaquil-international-airport-installs-precipitation-station-supplied-darrera.jpg\",\"contentUrl\":\"https:\\\/\\\/www.darrera.com\\\/wp-content\\\/uploads\\\/2022\\\/01\\\/news-guayaquil-international-airport-installs-precipitation-station-supplied-darrera.jpg\",\"width\":1170,\"height\":750,\"caption\":\"El Aeropuerto Internacional de Guayaquil instala una estaci\u00f3n pluviom\u00e9trica suministrada por Darrera\"},{\"@type\":\"BreadcrumbList\",\"@id\":\"https:\\\/\\\/www.darrera.com\\\/es\\\/noticias\\\/suministros\\\/2022\\\/01\\\/aeropuerto-internacional-guayaquil-instala-estacion-pluviometrica-suministrada-darrera\\\/#breadcrumb\",\"itemListElement\":[{\"@type\":\"ListItem\",\"position\":1,\"name\":\"Home\",\"item\":\"https:\\\/\\\/www.darrera.com\\\/es\\\/\"},{\"@type\":\"ListItem\",\"position\":2,\"name\":\"El Aeropuerto Internacional de Guayaquil instala una estaci\u00f3n pluviom\u00e9trica suministrada por Darrera\"}]},{\"@type\":\"WebSite\",\"@id\":\"https:\\\/\\\/www.darrera.com\\\/es\\\/#website\",\"url\":\"https:\\\/\\\/www.darrera.com\\\/es\\\/\",\"name\":\"Darrera\",\"description\":\"Instrumentos, soluciones y servicios meteorol\u00f3gicos\",\"publisher\":{\"@id\":\"https:\\\/\\\/www.darrera.com\\\/es\\\/#organization\"},\"potentialAction\":[{\"@type\":\"SearchAction\",\"target\":{\"@type\":\"EntryPoint\",\"urlTemplate\":\"https:\\\/\\\/www.darrera.com\\\/es\\\/?s={search_term_string}\"},\"query-input\":{\"@type\":\"PropertyValueSpecification\",\"valueRequired\":true,\"valueName\":\"search_term_string\"}}],\"inLanguage\":\"es\"},{\"@type\":\"Organization\",\"@id\":\"https:\\\/\\\/www.darrera.com\\\/es\\\/#organization\",\"name\":\"Darrera\",\"url\":\"https:\\\/\\\/www.darrera.com\\\/es\\\/\",\"logo\":{\"@type\":\"ImageObject\",\"inLanguage\":\"es\",\"@id\":\"https:\\\/\\\/www.darrera.com\\\/es\\\/#\\\/schema\\\/logo\\\/image\\\/\",\"url\":\"https:\\\/\\\/www.darrera.com\\\/wp\\\/wp-content\\\/uploads\\\/logo-darrera.png\",\"contentUrl\":\"https:\\\/\\\/www.darrera.com\\\/wp\\\/wp-content\\\/uploads\\\/logo-darrera.png\",\"width\":500,\"height\":85,\"caption\":\"Darrera\"},\"image\":{\"@id\":\"https:\\\/\\\/www.darrera.com\\\/es\\\/#\\\/schema\\\/logo\\\/image\\\/\"},\"sameAs\":[\"http:\\\/\\\/facebook.com\\\/darrerameteo\",\"https:\\\/\\\/x.com\\\/darrera_meteo\",\"https:\\\/\\\/www.linkedin.com\\\/company\\\/darrera-s-a-\",\"http:\\\/\\\/youtube.com\\\/darreratv\"]},{\"@type\":\"Person\",\"@id\":\"https:\\\/\\\/www.darrera.com\\\/es\\\/#\\\/schema\\\/person\\\/1343a9301b7253ed15f0d1a69e15b220\",\"name\":\"Darrera\",\"image\":{\"@type\":\"ImageObject\",\"inLanguage\":\"es\",\"@id\":\"https:\\\/\\\/secure.gravatar.com\\\/avatar\\\/33ff272113d47d151dae7e513c1e4307e28c4e2a7e87b05dba3e37ed4a070480?s=96&d=mm&r=g\",\"url\":\"https:\\\/\\\/secure.gravatar.com\\\/avatar\\\/33ff272113d47d151dae7e513c1e4307e28c4e2a7e87b05dba3e37ed4a070480?s=96&d=mm&r=g\",\"contentUrl\":\"https:\\\/\\\/secure.gravatar.com\\\/avatar\\\/33ff272113d47d151dae7e513c1e4307e28c4e2a7e87b05dba3e37ed4a070480?s=96&d=mm&r=g\",\"caption\":\"Darrera\"}}]}<\/script>\n<!-- \/ Yoast SEO plugin. -->","yoast_head_json":{"title":"El Aeropuerto Internacional de Guayaquil instala una estaci\u00f3n pluviom\u00e9trica suministrada por Darrera | Darrera","robots":{"index":"index","follow":"follow","max-snippet":"max-snippet:-1","max-image-preview":"max-image-preview:large","max-video-preview":"max-video-preview:-1"},"canonical":"https:\/\/www.darrera.com\/es\/noticias\/suministros\/2022\/01\/aeropuerto-internacional-guayaquil-instala-estacion-pluviometrica-suministrada-darrera\/","og_locale":"es_ES","og_type":"article","og_title":"El Aeropuerto Internacional de Guayaquil instala una estaci\u00f3n pluviom\u00e9trica suministrada por Darrera | Darrera","og_description":"Los operadores del aeropuerto ya pueden monitorizar la intensidad y el acumulado de lluvia de forma remota y en tiempo real a trav\u00e9s de la plataforma online Weathercloud.","og_url":"https:\/\/www.darrera.com\/es\/noticias\/suministros\/2022\/01\/aeropuerto-internacional-guayaquil-instala-estacion-pluviometrica-suministrada-darrera\/","og_site_name":"Darrera","article_publisher":"http:\/\/facebook.com\/darrerameteo","article_published_time":"2022-01-04T16:34:39+00:00","article_modified_time":"2022-01-05T07:59:48+00:00","og_image":[{"width":1170,"height":750,"url":"https:\/\/www.darrera.com\/wp-content\/uploads\/2022\/01\/news-guayaquil-international-airport-installs-precipitation-station-supplied-darrera.jpg","type":"image\/jpeg"}],"author":"Darrera","twitter_card":"summary_large_image","twitter_creator":"@darrera_meteo","twitter_site":"@darrera_meteo","twitter_misc":{"Escrito por":"Darrera","Tiempo de lectura":"1 minuto"},"schema":{"@context":"https:\/\/schema.org","@graph":[{"@type":"Article","@id":"https:\/\/www.darrera.com\/es\/noticias\/suministros\/2022\/01\/aeropuerto-internacional-guayaquil-instala-estacion-pluviometrica-suministrada-darrera\/#article","isPartOf":{"@id":"https:\/\/www.darrera.com\/es\/noticias\/suministros\/2022\/01\/aeropuerto-internacional-guayaquil-instala-estacion-pluviometrica-suministrada-darrera\/"},"author":{"name":"Darrera","@id":"https:\/\/www.darrera.com\/es\/#\/schema\/person\/1343a9301b7253ed15f0d1a69e15b220"},"headline":"El Aeropuerto Internacional de Guayaquil instala una estaci\u00f3n pluviom\u00e9trica suministrada por Darrera","datePublished":"2022-01-04T16:34:39+00:00","dateModified":"2022-01-05T07:59:48+00:00","mainEntityOfPage":{"@id":"https:\/\/www.darrera.com\/es\/noticias\/suministros\/2022\/01\/aeropuerto-internacional-guayaquil-instala-estacion-pluviometrica-suministrada-darrera\/"},"wordCount":147,"publisher":{"@id":"https:\/\/www.darrera.com\/es\/#organization"},"image":{"@id":"https:\/\/www.darrera.com\/es\/noticias\/suministros\/2022\/01\/aeropuerto-internacional-guayaquil-instala-estacion-pluviometrica-suministrada-darrera\/#primaryimage"},"thumbnailUrl":"https:\/\/www.darrera.com\/wp-content\/uploads\/2022\/01\/news-guayaquil-international-airport-installs-precipitation-station-supplied-darrera.jpg","keywords":["aeropuerto","estaci\u00f3n meteorol\u00f3gica","lluvia","remoto"],"articleSection":["Suministros"],"inLanguage":"es"},{"@type":"WebPage","@id":"https:\/\/www.darrera.com\/es\/noticias\/suministros\/2022\/01\/aeropuerto-internacional-guayaquil-instala-estacion-pluviometrica-suministrada-darrera\/","url":"https:\/\/www.darrera.com\/es\/noticias\/suministros\/2022\/01\/aeropuerto-internacional-guayaquil-instala-estacion-pluviometrica-suministrada-darrera\/","name":"El Aeropuerto Internacional de Guayaquil instala una estaci\u00f3n pluviom\u00e9trica suministrada por Darrera | Darrera","isPartOf":{"@id":"https:\/\/www.darrera.com\/es\/#website"},"primaryImageOfPage":{"@id":"https:\/\/www.darrera.com\/es\/noticias\/suministros\/2022\/01\/aeropuerto-internacional-guayaquil-instala-estacion-pluviometrica-suministrada-darrera\/#primaryimage"},"image":{"@id":"https:\/\/www.darrera.com\/es\/noticias\/suministros\/2022\/01\/aeropuerto-internacional-guayaquil-instala-estacion-pluviometrica-suministrada-darrera\/#primaryimage"},"thumbnailUrl":"https:\/\/www.darrera.com\/wp-content\/uploads\/2022\/01\/news-guayaquil-international-airport-installs-precipitation-station-supplied-darrera.jpg","datePublished":"2022-01-04T16:34:39+00:00","dateModified":"2022-01-05T07:59:48+00:00","breadcrumb":{"@id":"https:\/\/www.darrera.com\/es\/noticias\/suministros\/2022\/01\/aeropuerto-internacional-guayaquil-instala-estacion-pluviometrica-suministrada-darrera\/#breadcrumb"},"inLanguage":"es","potentialAction":[{"@type":"ReadAction","target":["https:\/\/www.darrera.com\/es\/noticias\/suministros\/2022\/01\/aeropuerto-internacional-guayaquil-instala-estacion-pluviometrica-suministrada-darrera\/"]}]},{"@type":"ImageObject","inLanguage":"es","@id":"https:\/\/www.darrera.com\/es\/noticias\/suministros\/2022\/01\/aeropuerto-internacional-guayaquil-instala-estacion-pluviometrica-suministrada-darrera\/#primaryimage","url":"https:\/\/www.darrera.com\/wp-content\/uploads\/2022\/01\/news-guayaquil-international-airport-installs-precipitation-station-supplied-darrera.jpg","contentUrl":"https:\/\/www.darrera.com\/wp-content\/uploads\/2022\/01\/news-guayaquil-international-airport-installs-precipitation-station-supplied-darrera.jpg","width":1170,"height":750,"caption":"El Aeropuerto Internacional de Guayaquil instala una estaci\u00f3n pluviom\u00e9trica suministrada por Darrera"},{"@type":"BreadcrumbList","@id":"https:\/\/www.darrera.com\/es\/noticias\/suministros\/2022\/01\/aeropuerto-internacional-guayaquil-instala-estacion-pluviometrica-suministrada-darrera\/#breadcrumb","itemListElement":[{"@type":"ListItem","position":1,"name":"Home","item":"https:\/\/www.darrera.com\/es\/"},{"@type":"ListItem","position":2,"name":"El Aeropuerto Internacional de Guayaquil instala una estaci\u00f3n pluviom\u00e9trica suministrada por Darrera"}]},{"@type":"WebSite","@id":"https:\/\/www.darrera.com\/es\/#website","url":"https:\/\/www.darrera.com\/es\/","name":"Darrera","description":"Instrumentos, soluciones y servicios meteorol\u00f3gicos","publisher":{"@id":"https:\/\/www.darrera.com\/es\/#organization"},"potentialAction":[{"@type":"SearchAction","target":{"@type":"EntryPoint","urlTemplate":"https:\/\/www.darrera.com\/es\/?s={search_term_string}"},"query-input":{"@type":"PropertyValueSpecification","valueRequired":true,"valueName":"search_term_string"}}],"inLanguage":"es"},{"@type":"Organization","@id":"https:\/\/www.darrera.com\/es\/#organization","name":"Darrera","url":"https:\/\/www.darrera.com\/es\/","logo":{"@type":"ImageObject","inLanguage":"es","@id":"https:\/\/www.darrera.com\/es\/#\/schema\/logo\/image\/","url":"https:\/\/www.darrera.com\/wp\/wp-content\/uploads\/logo-darrera.png","contentUrl":"https:\/\/www.darrera.com\/wp\/wp-content\/uploads\/logo-darrera.png","width":500,"height":85,"caption":"Darrera"},"image":{"@id":"https:\/\/www.darrera.com\/es\/#\/schema\/logo\/image\/"},"sameAs":["http:\/\/facebook.com\/darrerameteo","https:\/\/x.com\/darrera_meteo","https:\/\/www.linkedin.com\/company\/darrera-s-a-","http:\/\/youtube.com\/darreratv"]},{"@type":"Person","@id":"https:\/\/www.darrera.com\/es\/#\/schema\/person\/1343a9301b7253ed15f0d1a69e15b220","name":"Darrera","image":{"@type":"ImageObject","inLanguage":"es","@id":"https:\/\/secure.gravatar.com\/avatar\/33ff272113d47d151dae7e513c1e4307e28c4e2a7e87b05dba3e37ed4a070480?s=96&d=mm&r=g","url":"https:\/\/secure.gravatar.com\/avatar\/33ff272113d47d151dae7e513c1e4307e28c4e2a7e87b05dba3e37ed4a070480?s=96&d=mm&r=g","contentUrl":"https:\/\/secure.gravatar.com\/avatar\/33ff272113d47d151dae7e513c1e4307e28c4e2a7e87b05dba3e37ed4a070480?s=96&d=mm&r=g","caption":"Darrera"}}]}},"_links":{"self":[{"href":"https:\/\/www.darrera.com\/es\/wp-json\/wp\/v2\/posts\/4739","targetHints":{"allow":["GET"]}}],"collection":[{"href":"https:\/\/www.darrera.com\/es\/wp-json\/wp\/v2\/posts"}],"about":[{"href":"https:\/\/www.darrera.com\/es\/wp-json\/wp\/v2\/types\/post"}],"author":[{"embeddable":true,"href":"https:\/\/www.darrera.com\/es\/wp-json\/wp\/v2\/users\/2"}],"replies":[{"embeddable":true,"href":"https:\/\/www.darrera.com\/es\/wp-json\/wp\/v2\/comments?post=4739"}],"version-history":[{"count":10,"href":"https:\/\/www.darrera.com\/es\/wp-json\/wp\/v2\/posts\/4739\/revisions"}],"predecessor-version":[{"id":4756,"href":"https:\/\/www.darrera.com\/es\/wp-json\/wp\/v2\/posts\/4739\/revisions\/4756"}],"wp:featuredmedia":[{"embeddable":true,"href":"https:\/\/www.darrera.com\/es\/wp-json\/wp\/v2\/media\/4743"}],"wp:attachment":[{"href":"https:\/\/www.darrera.com\/es\/wp-json\/wp\/v2\/media?parent=4739"}],"wp:term":[{"taxonomy":"category","embeddable":true,"href":"https:\/\/www.darrera.com\/es\/wp-json\/wp\/v2\/categories?post=4739"},{"taxonomy":"post_tag","embeddable":true,"href":"https:\/\/www.darrera.com\/es\/wp-json\/wp\/v2\/tags?post=4739"}],"curies":[{"name":"wp","href":"https:\/\/api.w.org\/{rel}","templated":true}]}}