{"id":480,"date":"2015-09-02T16:00:17","date_gmt":"2015-09-02T14:00:17","guid":{"rendered":"http:\/\/www.darrera.com\/wp\/?p=480\/"},"modified":"2018-06-27T15:33:06","modified_gmt":"2018-06-27T13:33:06","slug":"darrera-suministra-estacion-meteorologica-vantage-pro2-dotada-webcam-ayuntamiento-sant-pere-torello-barcelona","status":"publish","type":"post","link":"https:\/\/www.darrera.com\/es\/noticias\/suministros\/2015\/09\/darrera-suministra-estacion-meteorologica-vantage-pro2-dotada-webcam-ayuntamiento-sant-pere-torello-barcelona\/","title":{"rendered":"Darrera suministra una estaci\u00f3n meteorol\u00f3gica Vantage Pro2&#x2122; dotada de webcam al Ayuntamiento de Sant Pere de Torell\u00f3 (Barcelona)"},"content":{"rendered":"<h3>Darrera ha configurado y suministrado una estaci\u00f3n meteorol\u00f3gica Vantage Pro2&#x2122; dotada de webcam al Ayuntamiento de Sant Pere de Torell\u00f3 (Barcelona), la cual permitir\u00e1 informar a la ciudadan\u00eda de las condiciones meteorol\u00f3gicas locales en tiempo real.<\/h3>\n<p>Los datos e im\u00e1genes registrados por la estaci\u00f3n municipal ser\u00e1n utilizados con finalidad divulgativa y tambi\u00e9n de prevenci\u00f3n en caso de condiciones severas, tales como lluvias torrenciales, r\u00e1fagas de viento fuertes o temperaturas extremas. Se podr\u00e1 acceder a la informaci\u00f3n tanto a trav\u00e9s de la propia web del ayuntamiento como de la red meteorol\u00f3gica gratuita Weathercloud, que cuenta con la participaci\u00f3n de un n\u00famero cada vez mayor de consistorios.<\/p>\n","protected":false},"excerpt":{"rendered":"<p>Darrera ha configurado y suministrado una estaci\u00f3n meteorol\u00f3gica Vantage Pro2&#x2122; dotada de webcam al Ayuntamiento de Sant Pere de Torell\u00f3 (Barcelona), la cual permitir\u00e1 informar a la ciudadan\u00eda de las condiciones meteorol\u00f3gicas locales en tiempo real.<\/p>\n","protected":false},"author":2,"featured_media":515,"comment_status":"closed","ping_status":"open","sticky":false,"template":"","format":"standard","meta":{"footnotes":""},"categories":[61],"tags":[63,103,102],"class_list":["post-480","post","type-post","status-publish","format-standard","has-post-thumbnail","hentry","category-suministros","tag-alarmas","tag-estacion-meteorologica","tag-meteorologia"],"yoast_head":"<!-- This site is optimized with the Yoast SEO plugin v27.4 - https:\/\/yoast.com\/product\/yoast-seo-wordpress\/ -->\n<title>Darrera suministra una estaci\u00f3n meteorol\u00f3gica Vantage Pro2&#x2122; dotada de webcam al Ayuntamiento de Sant Pere de Torell\u00f3 (Barcelona) | Darrera<\/title>\n<meta name=\"robots\" content=\"index, follow, max-snippet:-1, max-image-preview:large, max-video-preview:-1\" \/>\n<link rel=\"canonical\" href=\"https:\/\/www.darrera.com\/es\/noticias\/suministros\/2015\/09\/darrera-suministra-estacion-meteorologica-vantage-pro2-dotada-webcam-ayuntamiento-sant-pere-torello-barcelona\/\" \/>\n<meta property=\"og:locale\" content=\"es_ES\" \/>\n<meta property=\"og:type\" content=\"article\" \/>\n<meta property=\"og:title\" content=\"Darrera suministra una estaci\u00f3n meteorol\u00f3gica Vantage Pro2&#x2122; dotada de webcam al Ayuntamiento de Sant Pere de Torell\u00f3 (Barcelona) | Darrera\" \/>\n<meta property=\"og:description\" content=\"Darrera ha configurado y suministrado una estaci\u00f3n meteorol\u00f3gica Vantage Pro2&#x2122; dotada de webcam al Ayuntamiento de Sant Pere de Torell\u00f3 (Barcelona), la cual permitir\u00e1 informar a la ciudadan\u00eda de las condiciones meteorol\u00f3gicas locales en tiempo real.\" \/>\n<meta property=\"og:url\" content=\"https:\/\/www.darrera.com\/es\/noticias\/suministros\/2015\/09\/darrera-suministra-estacion-meteorologica-vantage-pro2-dotada-webcam-ayuntamiento-sant-pere-torello-barcelona\/\" \/>\n<meta property=\"og:site_name\" content=\"Darrera\" \/>\n<meta property=\"article:publisher\" content=\"http:\/\/facebook.com\/darrerameteo\" \/>\n<meta property=\"article:published_time\" content=\"2015-09-02T14:00:17+00:00\" \/>\n<meta property=\"article:modified_time\" content=\"2018-06-27T13:33:06+00:00\" \/>\n<meta property=\"og:image\" content=\"https:\/\/www.darrera.com\/wp-content\/uploads\/2015\/09\/news-darrera-supplies-vantage-pro2-weather-station-equipped-webcam-sant-pere-torello-city-council-barcelona.jpg\" \/>\n\t<meta property=\"og:image:width\" content=\"1170\" \/>\n\t<meta property=\"og:image:height\" content=\"750\" \/>\n\t<meta property=\"og:image:type\" content=\"image\/jpeg\" \/>\n<meta name=\"author\" content=\"Darrera\" \/>\n<meta name=\"twitter:card\" content=\"summary_large_image\" \/>\n<meta name=\"twitter:creator\" content=\"@darrera_meteo\" \/>\n<meta name=\"twitter:site\" content=\"@darrera_meteo\" \/>\n<meta name=\"twitter:label1\" content=\"Escrito por\" \/>\n\t<meta name=\"twitter:data1\" content=\"Darrera\" \/>\n\t<meta name=\"twitter:label2\" content=\"Tiempo de lectura\" \/>\n\t<meta name=\"twitter:data2\" content=\"1 minuto\" \/>\n<script type=\"application\/ld+json\" class=\"yoast-schema-graph\">{\"@context\":\"https:\\\/\\\/schema.org\",\"@graph\":[{\"@type\":\"Article\",\"@id\":\"https:\\\/\\\/www.darrera.com\\\/es\\\/noticias\\\/suministros\\\/2015\\\/09\\\/darrera-suministra-estacion-meteorologica-vantage-pro2-dotada-webcam-ayuntamiento-sant-pere-torello-barcelona\\\/#article\",\"isPartOf\":{\"@id\":\"https:\\\/\\\/www.darrera.com\\\/es\\\/noticias\\\/suministros\\\/2015\\\/09\\\/darrera-suministra-estacion-meteorologica-vantage-pro2-dotada-webcam-ayuntamiento-sant-pere-torello-barcelona\\\/\"},\"author\":{\"name\":\"Darrera\",\"@id\":\"https:\\\/\\\/www.darrera.com\\\/es\\\/#\\\/schema\\\/person\\\/1343a9301b7253ed15f0d1a69e15b220\"},\"headline\":\"Darrera suministra una estaci\u00f3n meteorol\u00f3gica Vantage Pro2&#x2122; dotada de webcam al Ayuntamiento de Sant Pere de Torell\u00f3 (Barcelona)\",\"datePublished\":\"2015-09-02T14:00:17+00:00\",\"dateModified\":\"2018-06-27T13:33:06+00:00\",\"mainEntityOfPage\":{\"@id\":\"https:\\\/\\\/www.darrera.com\\\/es\\\/noticias\\\/suministros\\\/2015\\\/09\\\/darrera-suministra-estacion-meteorologica-vantage-pro2-dotada-webcam-ayuntamiento-sant-pere-torello-barcelona\\\/\"},\"wordCount\":142,\"publisher\":{\"@id\":\"https:\\\/\\\/www.darrera.com\\\/es\\\/#organization\"},\"image\":{\"@id\":\"https:\\\/\\\/www.darrera.com\\\/es\\\/noticias\\\/suministros\\\/2015\\\/09\\\/darrera-suministra-estacion-meteorologica-vantage-pro2-dotada-webcam-ayuntamiento-sant-pere-torello-barcelona\\\/#primaryimage\"},\"thumbnailUrl\":\"https:\\\/\\\/www.darrera.com\\\/wp-content\\\/uploads\\\/2015\\\/09\\\/news-darrera-supplies-vantage-pro2-weather-station-equipped-webcam-sant-pere-torello-city-council-barcelona.jpg\",\"keywords\":[\"alarmas\",\"estaci\u00f3n meteorol\u00f3gica\",\"meteorolog\u00eda\"],\"articleSection\":[\"Suministros\"],\"inLanguage\":\"es\"},{\"@type\":\"WebPage\",\"@id\":\"https:\\\/\\\/www.darrera.com\\\/es\\\/noticias\\\/suministros\\\/2015\\\/09\\\/darrera-suministra-estacion-meteorologica-vantage-pro2-dotada-webcam-ayuntamiento-sant-pere-torello-barcelona\\\/\",\"url\":\"https:\\\/\\\/www.darrera.com\\\/es\\\/noticias\\\/suministros\\\/2015\\\/09\\\/darrera-suministra-estacion-meteorologica-vantage-pro2-dotada-webcam-ayuntamiento-sant-pere-torello-barcelona\\\/\",\"name\":\"Darrera suministra una estaci\u00f3n meteorol\u00f3gica Vantage Pro2&#x2122; dotada de webcam al Ayuntamiento de Sant Pere de Torell\u00f3 (Barcelona) | Darrera\",\"isPartOf\":{\"@id\":\"https:\\\/\\\/www.darrera.com\\\/es\\\/#website\"},\"primaryImageOfPage\":{\"@id\":\"https:\\\/\\\/www.darrera.com\\\/es\\\/noticias\\\/suministros\\\/2015\\\/09\\\/darrera-suministra-estacion-meteorologica-vantage-pro2-dotada-webcam-ayuntamiento-sant-pere-torello-barcelona\\\/#primaryimage\"},\"image\":{\"@id\":\"https:\\\/\\\/www.darrera.com\\\/es\\\/noticias\\\/suministros\\\/2015\\\/09\\\/darrera-suministra-estacion-meteorologica-vantage-pro2-dotada-webcam-ayuntamiento-sant-pere-torello-barcelona\\\/#primaryimage\"},\"thumbnailUrl\":\"https:\\\/\\\/www.darrera.com\\\/wp-content\\\/uploads\\\/2015\\\/09\\\/news-darrera-supplies-vantage-pro2-weather-station-equipped-webcam-sant-pere-torello-city-council-barcelona.jpg\",\"datePublished\":\"2015-09-02T14:00:17+00:00\",\"dateModified\":\"2018-06-27T13:33:06+00:00\",\"breadcrumb\":{\"@id\":\"https:\\\/\\\/www.darrera.com\\\/es\\\/noticias\\\/suministros\\\/2015\\\/09\\\/darrera-suministra-estacion-meteorologica-vantage-pro2-dotada-webcam-ayuntamiento-sant-pere-torello-barcelona\\\/#breadcrumb\"},\"inLanguage\":\"es\",\"potentialAction\":[{\"@type\":\"ReadAction\",\"target\":[\"https:\\\/\\\/www.darrera.com\\\/es\\\/noticias\\\/suministros\\\/2015\\\/09\\\/darrera-suministra-estacion-meteorologica-vantage-pro2-dotada-webcam-ayuntamiento-sant-pere-torello-barcelona\\\/\"]}]},{\"@type\":\"ImageObject\",\"inLanguage\":\"es\",\"@id\":\"https:\\\/\\\/www.darrera.com\\\/es\\\/noticias\\\/suministros\\\/2015\\\/09\\\/darrera-suministra-estacion-meteorologica-vantage-pro2-dotada-webcam-ayuntamiento-sant-pere-torello-barcelona\\\/#primaryimage\",\"url\":\"https:\\\/\\\/www.darrera.com\\\/wp-content\\\/uploads\\\/2015\\\/09\\\/news-darrera-supplies-vantage-pro2-weather-station-equipped-webcam-sant-pere-torello-city-council-barcelona.jpg\",\"contentUrl\":\"https:\\\/\\\/www.darrera.com\\\/wp-content\\\/uploads\\\/2015\\\/09\\\/news-darrera-supplies-vantage-pro2-weather-station-equipped-webcam-sant-pere-torello-city-council-barcelona.jpg\",\"width\":1170,\"height\":750,\"caption\":\"Darrera suministra una estaci\u00f3n meteorol\u00f3gica Vantage Pro2\u2122 dotada de webcam al Ayuntamiento de Sant Pere de Torell\u00f3 (Barcelona)\"},{\"@type\":\"BreadcrumbList\",\"@id\":\"https:\\\/\\\/www.darrera.com\\\/es\\\/noticias\\\/suministros\\\/2015\\\/09\\\/darrera-suministra-estacion-meteorologica-vantage-pro2-dotada-webcam-ayuntamiento-sant-pere-torello-barcelona\\\/#breadcrumb\",\"itemListElement\":[{\"@type\":\"ListItem\",\"position\":1,\"name\":\"Home\",\"item\":\"https:\\\/\\\/www.darrera.com\\\/es\\\/\"},{\"@type\":\"ListItem\",\"position\":2,\"name\":\"Darrera suministra una estaci\u00f3n meteorol\u00f3gica Vantage Pro2&#x2122; dotada de webcam al Ayuntamiento de Sant Pere de Torell\u00f3 (Barcelona)\"}]},{\"@type\":\"WebSite\",\"@id\":\"https:\\\/\\\/www.darrera.com\\\/es\\\/#website\",\"url\":\"https:\\\/\\\/www.darrera.com\\\/es\\\/\",\"name\":\"Darrera\",\"description\":\"Instrumentos, soluciones y servicios meteorol\u00f3gicos\",\"publisher\":{\"@id\":\"https:\\\/\\\/www.darrera.com\\\/es\\\/#organization\"},\"potentialAction\":[{\"@type\":\"SearchAction\",\"target\":{\"@type\":\"EntryPoint\",\"urlTemplate\":\"https:\\\/\\\/www.darrera.com\\\/es\\\/?s={search_term_string}\"},\"query-input\":{\"@type\":\"PropertyValueSpecification\",\"valueRequired\":true,\"valueName\":\"search_term_string\"}}],\"inLanguage\":\"es\"},{\"@type\":\"Organization\",\"@id\":\"https:\\\/\\\/www.darrera.com\\\/es\\\/#organization\",\"name\":\"Darrera\",\"url\":\"https:\\\/\\\/www.darrera.com\\\/es\\\/\",\"logo\":{\"@type\":\"ImageObject\",\"inLanguage\":\"es\",\"@id\":\"https:\\\/\\\/www.darrera.com\\\/es\\\/#\\\/schema\\\/logo\\\/image\\\/\",\"url\":\"https:\\\/\\\/www.darrera.com\\\/wp\\\/wp-content\\\/uploads\\\/logo-darrera.png\",\"contentUrl\":\"https:\\\/\\\/www.darrera.com\\\/wp\\\/wp-content\\\/uploads\\\/logo-darrera.png\",\"width\":500,\"height\":85,\"caption\":\"Darrera\"},\"image\":{\"@id\":\"https:\\\/\\\/www.darrera.com\\\/es\\\/#\\\/schema\\\/logo\\\/image\\\/\"},\"sameAs\":[\"http:\\\/\\\/facebook.com\\\/darrerameteo\",\"https:\\\/\\\/x.com\\\/darrera_meteo\",\"https:\\\/\\\/www.linkedin.com\\\/company\\\/darrera-s-a-\",\"http:\\\/\\\/youtube.com\\\/darreratv\"]},{\"@type\":\"Person\",\"@id\":\"https:\\\/\\\/www.darrera.com\\\/es\\\/#\\\/schema\\\/person\\\/1343a9301b7253ed15f0d1a69e15b220\",\"name\":\"Darrera\",\"image\":{\"@type\":\"ImageObject\",\"inLanguage\":\"es\",\"@id\":\"https:\\\/\\\/secure.gravatar.com\\\/avatar\\\/33ff272113d47d151dae7e513c1e4307e28c4e2a7e87b05dba3e37ed4a070480?s=96&d=mm&r=g\",\"url\":\"https:\\\/\\\/secure.gravatar.com\\\/avatar\\\/33ff272113d47d151dae7e513c1e4307e28c4e2a7e87b05dba3e37ed4a070480?s=96&d=mm&r=g\",\"contentUrl\":\"https:\\\/\\\/secure.gravatar.com\\\/avatar\\\/33ff272113d47d151dae7e513c1e4307e28c4e2a7e87b05dba3e37ed4a070480?s=96&d=mm&r=g\",\"caption\":\"Darrera\"}}]}<\/script>\n<!-- \/ Yoast SEO plugin. -->","yoast_head_json":{"title":"Darrera suministra una estaci\u00f3n meteorol\u00f3gica Vantage Pro2&#x2122; dotada de webcam al Ayuntamiento de Sant Pere de Torell\u00f3 (Barcelona) | Darrera","robots":{"index":"index","follow":"follow","max-snippet":"max-snippet:-1","max-image-preview":"max-image-preview:large","max-video-preview":"max-video-preview:-1"},"canonical":"https:\/\/www.darrera.com\/es\/noticias\/suministros\/2015\/09\/darrera-suministra-estacion-meteorologica-vantage-pro2-dotada-webcam-ayuntamiento-sant-pere-torello-barcelona\/","og_locale":"es_ES","og_type":"article","og_title":"Darrera suministra una estaci\u00f3n meteorol\u00f3gica Vantage Pro2&#x2122; dotada de webcam al Ayuntamiento de Sant Pere de Torell\u00f3 (Barcelona) | Darrera","og_description":"Darrera ha configurado y suministrado una estaci\u00f3n meteorol\u00f3gica Vantage Pro2&#x2122; dotada de webcam al Ayuntamiento de Sant Pere de Torell\u00f3 (Barcelona), la cual permitir\u00e1 informar a la ciudadan\u00eda de las condiciones meteorol\u00f3gicas locales en tiempo real.","og_url":"https:\/\/www.darrera.com\/es\/noticias\/suministros\/2015\/09\/darrera-suministra-estacion-meteorologica-vantage-pro2-dotada-webcam-ayuntamiento-sant-pere-torello-barcelona\/","og_site_name":"Darrera","article_publisher":"http:\/\/facebook.com\/darrerameteo","article_published_time":"2015-09-02T14:00:17+00:00","article_modified_time":"2018-06-27T13:33:06+00:00","og_image":[{"width":1170,"height":750,"url":"https:\/\/www.darrera.com\/wp-content\/uploads\/2015\/09\/news-darrera-supplies-vantage-pro2-weather-station-equipped-webcam-sant-pere-torello-city-council-barcelona.jpg","type":"image\/jpeg"}],"author":"Darrera","twitter_card":"summary_large_image","twitter_creator":"@darrera_meteo","twitter_site":"@darrera_meteo","twitter_misc":{"Escrito por":"Darrera","Tiempo de lectura":"1 minuto"},"schema":{"@context":"https:\/\/schema.org","@graph":[{"@type":"Article","@id":"https:\/\/www.darrera.com\/es\/noticias\/suministros\/2015\/09\/darrera-suministra-estacion-meteorologica-vantage-pro2-dotada-webcam-ayuntamiento-sant-pere-torello-barcelona\/#article","isPartOf":{"@id":"https:\/\/www.darrera.com\/es\/noticias\/suministros\/2015\/09\/darrera-suministra-estacion-meteorologica-vantage-pro2-dotada-webcam-ayuntamiento-sant-pere-torello-barcelona\/"},"author":{"name":"Darrera","@id":"https:\/\/www.darrera.com\/es\/#\/schema\/person\/1343a9301b7253ed15f0d1a69e15b220"},"headline":"Darrera suministra una estaci\u00f3n meteorol\u00f3gica Vantage Pro2&#x2122; dotada de webcam al Ayuntamiento de Sant Pere de Torell\u00f3 (Barcelona)","datePublished":"2015-09-02T14:00:17+00:00","dateModified":"2018-06-27T13:33:06+00:00","mainEntityOfPage":{"@id":"https:\/\/www.darrera.com\/es\/noticias\/suministros\/2015\/09\/darrera-suministra-estacion-meteorologica-vantage-pro2-dotada-webcam-ayuntamiento-sant-pere-torello-barcelona\/"},"wordCount":142,"publisher":{"@id":"https:\/\/www.darrera.com\/es\/#organization"},"image":{"@id":"https:\/\/www.darrera.com\/es\/noticias\/suministros\/2015\/09\/darrera-suministra-estacion-meteorologica-vantage-pro2-dotada-webcam-ayuntamiento-sant-pere-torello-barcelona\/#primaryimage"},"thumbnailUrl":"https:\/\/www.darrera.com\/wp-content\/uploads\/2015\/09\/news-darrera-supplies-vantage-pro2-weather-station-equipped-webcam-sant-pere-torello-city-council-barcelona.jpg","keywords":["alarmas","estaci\u00f3n meteorol\u00f3gica","meteorolog\u00eda"],"articleSection":["Suministros"],"inLanguage":"es"},{"@type":"WebPage","@id":"https:\/\/www.darrera.com\/es\/noticias\/suministros\/2015\/09\/darrera-suministra-estacion-meteorologica-vantage-pro2-dotada-webcam-ayuntamiento-sant-pere-torello-barcelona\/","url":"https:\/\/www.darrera.com\/es\/noticias\/suministros\/2015\/09\/darrera-suministra-estacion-meteorologica-vantage-pro2-dotada-webcam-ayuntamiento-sant-pere-torello-barcelona\/","name":"Darrera suministra una estaci\u00f3n meteorol\u00f3gica Vantage Pro2&#x2122; dotada de webcam al Ayuntamiento de Sant Pere de Torell\u00f3 (Barcelona) | Darrera","isPartOf":{"@id":"https:\/\/www.darrera.com\/es\/#website"},"primaryImageOfPage":{"@id":"https:\/\/www.darrera.com\/es\/noticias\/suministros\/2015\/09\/darrera-suministra-estacion-meteorologica-vantage-pro2-dotada-webcam-ayuntamiento-sant-pere-torello-barcelona\/#primaryimage"},"image":{"@id":"https:\/\/www.darrera.com\/es\/noticias\/suministros\/2015\/09\/darrera-suministra-estacion-meteorologica-vantage-pro2-dotada-webcam-ayuntamiento-sant-pere-torello-barcelona\/#primaryimage"},"thumbnailUrl":"https:\/\/www.darrera.com\/wp-content\/uploads\/2015\/09\/news-darrera-supplies-vantage-pro2-weather-station-equipped-webcam-sant-pere-torello-city-council-barcelona.jpg","datePublished":"2015-09-02T14:00:17+00:00","dateModified":"2018-06-27T13:33:06+00:00","breadcrumb":{"@id":"https:\/\/www.darrera.com\/es\/noticias\/suministros\/2015\/09\/darrera-suministra-estacion-meteorologica-vantage-pro2-dotada-webcam-ayuntamiento-sant-pere-torello-barcelona\/#breadcrumb"},"inLanguage":"es","potentialAction":[{"@type":"ReadAction","target":["https:\/\/www.darrera.com\/es\/noticias\/suministros\/2015\/09\/darrera-suministra-estacion-meteorologica-vantage-pro2-dotada-webcam-ayuntamiento-sant-pere-torello-barcelona\/"]}]},{"@type":"ImageObject","inLanguage":"es","@id":"https:\/\/www.darrera.com\/es\/noticias\/suministros\/2015\/09\/darrera-suministra-estacion-meteorologica-vantage-pro2-dotada-webcam-ayuntamiento-sant-pere-torello-barcelona\/#primaryimage","url":"https:\/\/www.darrera.com\/wp-content\/uploads\/2015\/09\/news-darrera-supplies-vantage-pro2-weather-station-equipped-webcam-sant-pere-torello-city-council-barcelona.jpg","contentUrl":"https:\/\/www.darrera.com\/wp-content\/uploads\/2015\/09\/news-darrera-supplies-vantage-pro2-weather-station-equipped-webcam-sant-pere-torello-city-council-barcelona.jpg","width":1170,"height":750,"caption":"Darrera suministra una estaci\u00f3n meteorol\u00f3gica Vantage Pro2\u2122 dotada de webcam al Ayuntamiento de Sant Pere de Torell\u00f3 (Barcelona)"},{"@type":"BreadcrumbList","@id":"https:\/\/www.darrera.com\/es\/noticias\/suministros\/2015\/09\/darrera-suministra-estacion-meteorologica-vantage-pro2-dotada-webcam-ayuntamiento-sant-pere-torello-barcelona\/#breadcrumb","itemListElement":[{"@type":"ListItem","position":1,"name":"Home","item":"https:\/\/www.darrera.com\/es\/"},{"@type":"ListItem","position":2,"name":"Darrera suministra una estaci\u00f3n meteorol\u00f3gica Vantage Pro2&#x2122; dotada de webcam al Ayuntamiento de Sant Pere de Torell\u00f3 (Barcelona)"}]},{"@type":"WebSite","@id":"https:\/\/www.darrera.com\/es\/#website","url":"https:\/\/www.darrera.com\/es\/","name":"Darrera","description":"Instrumentos, soluciones y servicios meteorol\u00f3gicos","publisher":{"@id":"https:\/\/www.darrera.com\/es\/#organization"},"potentialAction":[{"@type":"SearchAction","target":{"@type":"EntryPoint","urlTemplate":"https:\/\/www.darrera.com\/es\/?s={search_term_string}"},"query-input":{"@type":"PropertyValueSpecification","valueRequired":true,"valueName":"search_term_string"}}],"inLanguage":"es"},{"@type":"Organization","@id":"https:\/\/www.darrera.com\/es\/#organization","name":"Darrera","url":"https:\/\/www.darrera.com\/es\/","logo":{"@type":"ImageObject","inLanguage":"es","@id":"https:\/\/www.darrera.com\/es\/#\/schema\/logo\/image\/","url":"https:\/\/www.darrera.com\/wp\/wp-content\/uploads\/logo-darrera.png","contentUrl":"https:\/\/www.darrera.com\/wp\/wp-content\/uploads\/logo-darrera.png","width":500,"height":85,"caption":"Darrera"},"image":{"@id":"https:\/\/www.darrera.com\/es\/#\/schema\/logo\/image\/"},"sameAs":["http:\/\/facebook.com\/darrerameteo","https:\/\/x.com\/darrera_meteo","https:\/\/www.linkedin.com\/company\/darrera-s-a-","http:\/\/youtube.com\/darreratv"]},{"@type":"Person","@id":"https:\/\/www.darrera.com\/es\/#\/schema\/person\/1343a9301b7253ed15f0d1a69e15b220","name":"Darrera","image":{"@type":"ImageObject","inLanguage":"es","@id":"https:\/\/secure.gravatar.com\/avatar\/33ff272113d47d151dae7e513c1e4307e28c4e2a7e87b05dba3e37ed4a070480?s=96&d=mm&r=g","url":"https:\/\/secure.gravatar.com\/avatar\/33ff272113d47d151dae7e513c1e4307e28c4e2a7e87b05dba3e37ed4a070480?s=96&d=mm&r=g","contentUrl":"https:\/\/secure.gravatar.com\/avatar\/33ff272113d47d151dae7e513c1e4307e28c4e2a7e87b05dba3e37ed4a070480?s=96&d=mm&r=g","caption":"Darrera"}}]}},"_links":{"self":[{"href":"https:\/\/www.darrera.com\/es\/wp-json\/wp\/v2\/posts\/480","targetHints":{"allow":["GET"]}}],"collection":[{"href":"https:\/\/www.darrera.com\/es\/wp-json\/wp\/v2\/posts"}],"about":[{"href":"https:\/\/www.darrera.com\/es\/wp-json\/wp\/v2\/types\/post"}],"author":[{"embeddable":true,"href":"https:\/\/www.darrera.com\/es\/wp-json\/wp\/v2\/users\/2"}],"replies":[{"embeddable":true,"href":"https:\/\/www.darrera.com\/es\/wp-json\/wp\/v2\/comments?post=480"}],"version-history":[{"count":2,"href":"https:\/\/www.darrera.com\/es\/wp-json\/wp\/v2\/posts\/480\/revisions"}],"predecessor-version":[{"id":815,"href":"https:\/\/www.darrera.com\/es\/wp-json\/wp\/v2\/posts\/480\/revisions\/815"}],"wp:featuredmedia":[{"embeddable":true,"href":"https:\/\/www.darrera.com\/es\/wp-json\/wp\/v2\/media\/515"}],"wp:attachment":[{"href":"https:\/\/www.darrera.com\/es\/wp-json\/wp\/v2\/media?parent=480"}],"wp:term":[{"taxonomy":"category","embeddable":true,"href":"https:\/\/www.darrera.com\/es\/wp-json\/wp\/v2\/categories?post=480"},{"taxonomy":"post_tag","embeddable":true,"href":"https:\/\/www.darrera.com\/es\/wp-json\/wp\/v2\/tags?post=480"}],"curies":[{"name":"wp","href":"https:\/\/api.w.org\/{rel}","templated":true}]}}