{"id":4811,"date":"2022-01-18T22:44:25","date_gmt":"2022-01-18T21:44:25","guid":{"rendered":"https:\/\/www.darrera.com\/wp\/?p=4811"},"modified":"2022-01-18T23:49:18","modified_gmt":"2022-01-18T22:49:18","slug":"aiguaviva-dispone-nueva-estacion-meteorologica-municipal-suministrada-instalada-darrera","status":"publish","type":"post","link":"https:\/\/www.darrera.com\/es\/noticias\/instalaciones\/2022\/01\/aiguaviva-dispone-nueva-estacion-meteorologica-municipal-suministrada-instalada-darrera\/","title":{"rendered":"Aiguaviva dispone de una nueva estaci\u00f3n meteorol\u00f3gica municipal suministrada e instalada por Darrera"},"content":{"rendered":"<h3>El Ayuntamiento y los vecinos del municipio gerundense ya pueden consultar tanto las condiciones meteorol\u00f3gicas actuales en tiempo real como la predicci\u00f3n meteorol\u00f3gica local a 6 d\u00edas vista a trav\u00e9s de la plataforma online Weathercloud.<\/h3>\n<p>Aiguaviva se une a la red de municipios que registran y comparten sus datos meteorol\u00f3gicos de forma p\u00fablica con la ciudadan\u00eda. La nueva estaci\u00f3n meteorol\u00f3gica de altas prestaciones 3R AWS100 instalada por Darrera en un edificio p\u00fablico se alimenta con energ\u00eda solar para un funcionamiento totalmente aut\u00f3nomo basado en energ\u00edas renovables y est\u00e1 equipada con sensores de precisi\u00f3n para medir la velocidad y direcci\u00f3n del viento, temperatura, humedad, precipitaci\u00f3n, presi\u00f3n atmosf\u00e9rica y radiaci\u00f3n solar.<\/p>\n<p>Los datos meteorol\u00f3gicos registrados por la estaci\u00f3n se env\u00edan a trav\u00e9s de 3G a la plataforma online Weathercloud, permitiendo a cualquier persona consultarlos de forma remota y en tiempo real. Asimismo, la informaci\u00f3n se almacena en una base de datos hist\u00f3rica que ayudar\u00e1 a mejorar el conocimiento de la evoluci\u00f3n del clima en el municipio a lo largo de los a\u00f1os.<\/p>\n","protected":false},"excerpt":{"rendered":"<p>El Ayuntamiento y los vecinos del municipio gerundense ya pueden consultar tanto las condiciones meteorol\u00f3gicas actuales en tiempo real como la predicci\u00f3n meteorol\u00f3gica local a 6 d\u00edas vista a trav\u00e9s de la plataforma online Weathercloud.<\/p>\n","protected":false},"author":2,"featured_media":4819,"comment_status":"closed","ping_status":"open","sticky":false,"template":"","format":"standard","meta":{"footnotes":""},"categories":[59],"tags":[243,333,103,77],"class_list":["post-4811","post","type-post","status-publish","format-standard","has-post-thumbnail","hentry","category-instalaciones","tag-ayuntamiento","tag-calidad-aire","tag-estacion-meteorologica","tag-instalacion"],"yoast_head":"<!-- This site is optimized with the Yoast SEO plugin v27.4 - https:\/\/yoast.com\/product\/yoast-seo-wordpress\/ -->\n<title>Aiguaviva dispone de una nueva estaci\u00f3n meteorol\u00f3gica municipal suministrada e instalada por Darrera | Darrera<\/title>\n<meta name=\"robots\" content=\"index, follow, max-snippet:-1, max-image-preview:large, max-video-preview:-1\" \/>\n<link rel=\"canonical\" href=\"https:\/\/www.darrera.com\/es\/noticias\/instalaciones\/2022\/01\/aiguaviva-dispone-nueva-estacion-meteorologica-municipal-suministrada-instalada-darrera\/\" \/>\n<meta property=\"og:locale\" content=\"es_ES\" \/>\n<meta property=\"og:type\" content=\"article\" \/>\n<meta property=\"og:title\" content=\"Aiguaviva dispone de una nueva estaci\u00f3n meteorol\u00f3gica municipal suministrada e instalada por Darrera | Darrera\" \/>\n<meta property=\"og:description\" content=\"El Ayuntamiento y los vecinos del municipio gerundense ya pueden consultar tanto las condiciones meteorol\u00f3gicas actuales en tiempo real como la predicci\u00f3n meteorol\u00f3gica local a 6 d\u00edas vista a trav\u00e9s de la plataforma online Weathercloud.\" \/>\n<meta property=\"og:url\" content=\"https:\/\/www.darrera.com\/es\/noticias\/instalaciones\/2022\/01\/aiguaviva-dispone-nueva-estacion-meteorologica-municipal-suministrada-instalada-darrera\/\" \/>\n<meta property=\"og:site_name\" content=\"Darrera\" \/>\n<meta property=\"article:publisher\" content=\"http:\/\/facebook.com\/darrerameteo\" \/>\n<meta property=\"article:published_time\" content=\"2022-01-18T21:44:25+00:00\" \/>\n<meta property=\"article:modified_time\" content=\"2022-01-18T22:49:18+00:00\" \/>\n<meta property=\"og:image\" content=\"https:\/\/www.darrera.com\/wp-content\/uploads\/2022\/01\/news-aiguaviva-has-new-municipal-weather-station-supplied-installed-darrera.jpg\" \/>\n\t<meta property=\"og:image:width\" content=\"1170\" \/>\n\t<meta property=\"og:image:height\" content=\"750\" \/>\n\t<meta property=\"og:image:type\" content=\"image\/jpeg\" \/>\n<meta name=\"author\" content=\"Darrera\" \/>\n<meta name=\"twitter:card\" content=\"summary_large_image\" \/>\n<meta name=\"twitter:creator\" content=\"@darrera_meteo\" \/>\n<meta name=\"twitter:site\" content=\"@darrera_meteo\" \/>\n<meta name=\"twitter:label1\" content=\"Escrito por\" \/>\n\t<meta name=\"twitter:data1\" content=\"Darrera\" \/>\n\t<meta name=\"twitter:label2\" content=\"Tiempo de lectura\" \/>\n\t<meta name=\"twitter:data2\" content=\"1 minuto\" \/>\n<script type=\"application\/ld+json\" class=\"yoast-schema-graph\">{\"@context\":\"https:\\\/\\\/schema.org\",\"@graph\":[{\"@type\":\"Article\",\"@id\":\"https:\\\/\\\/www.darrera.com\\\/es\\\/noticias\\\/instalaciones\\\/2022\\\/01\\\/aiguaviva-dispone-nueva-estacion-meteorologica-municipal-suministrada-instalada-darrera\\\/#article\",\"isPartOf\":{\"@id\":\"https:\\\/\\\/www.darrera.com\\\/es\\\/noticias\\\/instalaciones\\\/2022\\\/01\\\/aiguaviva-dispone-nueva-estacion-meteorologica-municipal-suministrada-instalada-darrera\\\/\"},\"author\":{\"name\":\"Darrera\",\"@id\":\"https:\\\/\\\/www.darrera.com\\\/es\\\/#\\\/schema\\\/person\\\/1343a9301b7253ed15f0d1a69e15b220\"},\"headline\":\"Aiguaviva dispone de una nueva estaci\u00f3n meteorol\u00f3gica municipal suministrada e instalada por Darrera\",\"datePublished\":\"2022-01-18T21:44:25+00:00\",\"dateModified\":\"2022-01-18T22:49:18+00:00\",\"mainEntityOfPage\":{\"@id\":\"https:\\\/\\\/www.darrera.com\\\/es\\\/noticias\\\/instalaciones\\\/2022\\\/01\\\/aiguaviva-dispone-nueva-estacion-meteorologica-municipal-suministrada-instalada-darrera\\\/\"},\"wordCount\":212,\"publisher\":{\"@id\":\"https:\\\/\\\/www.darrera.com\\\/es\\\/#organization\"},\"image\":{\"@id\":\"https:\\\/\\\/www.darrera.com\\\/es\\\/noticias\\\/instalaciones\\\/2022\\\/01\\\/aiguaviva-dispone-nueva-estacion-meteorologica-municipal-suministrada-instalada-darrera\\\/#primaryimage\"},\"thumbnailUrl\":\"https:\\\/\\\/www.darrera.com\\\/wp-content\\\/uploads\\\/2022\\\/01\\\/news-aiguaviva-has-new-municipal-weather-station-supplied-installed-darrera.jpg\",\"keywords\":[\"ayuntamiento\",\"calidad del aire\",\"estaci\u00f3n meteorol\u00f3gica\",\"instalaci\u00f3n\"],\"articleSection\":[\"Instalaciones\"],\"inLanguage\":\"es\"},{\"@type\":\"WebPage\",\"@id\":\"https:\\\/\\\/www.darrera.com\\\/es\\\/noticias\\\/instalaciones\\\/2022\\\/01\\\/aiguaviva-dispone-nueva-estacion-meteorologica-municipal-suministrada-instalada-darrera\\\/\",\"url\":\"https:\\\/\\\/www.darrera.com\\\/es\\\/noticias\\\/instalaciones\\\/2022\\\/01\\\/aiguaviva-dispone-nueva-estacion-meteorologica-municipal-suministrada-instalada-darrera\\\/\",\"name\":\"Aiguaviva dispone de una nueva estaci\u00f3n meteorol\u00f3gica municipal suministrada e instalada por Darrera | Darrera\",\"isPartOf\":{\"@id\":\"https:\\\/\\\/www.darrera.com\\\/es\\\/#website\"},\"primaryImageOfPage\":{\"@id\":\"https:\\\/\\\/www.darrera.com\\\/es\\\/noticias\\\/instalaciones\\\/2022\\\/01\\\/aiguaviva-dispone-nueva-estacion-meteorologica-municipal-suministrada-instalada-darrera\\\/#primaryimage\"},\"image\":{\"@id\":\"https:\\\/\\\/www.darrera.com\\\/es\\\/noticias\\\/instalaciones\\\/2022\\\/01\\\/aiguaviva-dispone-nueva-estacion-meteorologica-municipal-suministrada-instalada-darrera\\\/#primaryimage\"},\"thumbnailUrl\":\"https:\\\/\\\/www.darrera.com\\\/wp-content\\\/uploads\\\/2022\\\/01\\\/news-aiguaviva-has-new-municipal-weather-station-supplied-installed-darrera.jpg\",\"datePublished\":\"2022-01-18T21:44:25+00:00\",\"dateModified\":\"2022-01-18T22:49:18+00:00\",\"breadcrumb\":{\"@id\":\"https:\\\/\\\/www.darrera.com\\\/es\\\/noticias\\\/instalaciones\\\/2022\\\/01\\\/aiguaviva-dispone-nueva-estacion-meteorologica-municipal-suministrada-instalada-darrera\\\/#breadcrumb\"},\"inLanguage\":\"es\",\"potentialAction\":[{\"@type\":\"ReadAction\",\"target\":[\"https:\\\/\\\/www.darrera.com\\\/es\\\/noticias\\\/instalaciones\\\/2022\\\/01\\\/aiguaviva-dispone-nueva-estacion-meteorologica-municipal-suministrada-instalada-darrera\\\/\"]}]},{\"@type\":\"ImageObject\",\"inLanguage\":\"es\",\"@id\":\"https:\\\/\\\/www.darrera.com\\\/es\\\/noticias\\\/instalaciones\\\/2022\\\/01\\\/aiguaviva-dispone-nueva-estacion-meteorologica-municipal-suministrada-instalada-darrera\\\/#primaryimage\",\"url\":\"https:\\\/\\\/www.darrera.com\\\/wp-content\\\/uploads\\\/2022\\\/01\\\/news-aiguaviva-has-new-municipal-weather-station-supplied-installed-darrera.jpg\",\"contentUrl\":\"https:\\\/\\\/www.darrera.com\\\/wp-content\\\/uploads\\\/2022\\\/01\\\/news-aiguaviva-has-new-municipal-weather-station-supplied-installed-darrera.jpg\",\"width\":1170,\"height\":750,\"caption\":\"Aiguaviva dispone de una nueva estaci\u00f3n meteorol\u00f3gica municipal suministrada e instalada por Darrera\"},{\"@type\":\"BreadcrumbList\",\"@id\":\"https:\\\/\\\/www.darrera.com\\\/es\\\/noticias\\\/instalaciones\\\/2022\\\/01\\\/aiguaviva-dispone-nueva-estacion-meteorologica-municipal-suministrada-instalada-darrera\\\/#breadcrumb\",\"itemListElement\":[{\"@type\":\"ListItem\",\"position\":1,\"name\":\"Home\",\"item\":\"https:\\\/\\\/www.darrera.com\\\/es\\\/\"},{\"@type\":\"ListItem\",\"position\":2,\"name\":\"Aiguaviva dispone de una nueva estaci\u00f3n meteorol\u00f3gica municipal suministrada e instalada por Darrera\"}]},{\"@type\":\"WebSite\",\"@id\":\"https:\\\/\\\/www.darrera.com\\\/es\\\/#website\",\"url\":\"https:\\\/\\\/www.darrera.com\\\/es\\\/\",\"name\":\"Darrera\",\"description\":\"Instrumentos, soluciones y servicios meteorol\u00f3gicos\",\"publisher\":{\"@id\":\"https:\\\/\\\/www.darrera.com\\\/es\\\/#organization\"},\"potentialAction\":[{\"@type\":\"SearchAction\",\"target\":{\"@type\":\"EntryPoint\",\"urlTemplate\":\"https:\\\/\\\/www.darrera.com\\\/es\\\/?s={search_term_string}\"},\"query-input\":{\"@type\":\"PropertyValueSpecification\",\"valueRequired\":true,\"valueName\":\"search_term_string\"}}],\"inLanguage\":\"es\"},{\"@type\":\"Organization\",\"@id\":\"https:\\\/\\\/www.darrera.com\\\/es\\\/#organization\",\"name\":\"Darrera\",\"url\":\"https:\\\/\\\/www.darrera.com\\\/es\\\/\",\"logo\":{\"@type\":\"ImageObject\",\"inLanguage\":\"es\",\"@id\":\"https:\\\/\\\/www.darrera.com\\\/es\\\/#\\\/schema\\\/logo\\\/image\\\/\",\"url\":\"https:\\\/\\\/www.darrera.com\\\/wp\\\/wp-content\\\/uploads\\\/logo-darrera.png\",\"contentUrl\":\"https:\\\/\\\/www.darrera.com\\\/wp\\\/wp-content\\\/uploads\\\/logo-darrera.png\",\"width\":500,\"height\":85,\"caption\":\"Darrera\"},\"image\":{\"@id\":\"https:\\\/\\\/www.darrera.com\\\/es\\\/#\\\/schema\\\/logo\\\/image\\\/\"},\"sameAs\":[\"http:\\\/\\\/facebook.com\\\/darrerameteo\",\"https:\\\/\\\/x.com\\\/darrera_meteo\",\"https:\\\/\\\/www.linkedin.com\\\/company\\\/darrera-s-a-\",\"http:\\\/\\\/youtube.com\\\/darreratv\"]},{\"@type\":\"Person\",\"@id\":\"https:\\\/\\\/www.darrera.com\\\/es\\\/#\\\/schema\\\/person\\\/1343a9301b7253ed15f0d1a69e15b220\",\"name\":\"Darrera\",\"image\":{\"@type\":\"ImageObject\",\"inLanguage\":\"es\",\"@id\":\"https:\\\/\\\/secure.gravatar.com\\\/avatar\\\/33ff272113d47d151dae7e513c1e4307e28c4e2a7e87b05dba3e37ed4a070480?s=96&d=mm&r=g\",\"url\":\"https:\\\/\\\/secure.gravatar.com\\\/avatar\\\/33ff272113d47d151dae7e513c1e4307e28c4e2a7e87b05dba3e37ed4a070480?s=96&d=mm&r=g\",\"contentUrl\":\"https:\\\/\\\/secure.gravatar.com\\\/avatar\\\/33ff272113d47d151dae7e513c1e4307e28c4e2a7e87b05dba3e37ed4a070480?s=96&d=mm&r=g\",\"caption\":\"Darrera\"}}]}<\/script>\n<!-- \/ Yoast SEO plugin. -->","yoast_head_json":{"title":"Aiguaviva dispone de una nueva estaci\u00f3n meteorol\u00f3gica municipal suministrada e instalada por Darrera | Darrera","robots":{"index":"index","follow":"follow","max-snippet":"max-snippet:-1","max-image-preview":"max-image-preview:large","max-video-preview":"max-video-preview:-1"},"canonical":"https:\/\/www.darrera.com\/es\/noticias\/instalaciones\/2022\/01\/aiguaviva-dispone-nueva-estacion-meteorologica-municipal-suministrada-instalada-darrera\/","og_locale":"es_ES","og_type":"article","og_title":"Aiguaviva dispone de una nueva estaci\u00f3n meteorol\u00f3gica municipal suministrada e instalada por Darrera | Darrera","og_description":"El Ayuntamiento y los vecinos del municipio gerundense ya pueden consultar tanto las condiciones meteorol\u00f3gicas actuales en tiempo real como la predicci\u00f3n meteorol\u00f3gica local a 6 d\u00edas vista a trav\u00e9s de la plataforma online Weathercloud.","og_url":"https:\/\/www.darrera.com\/es\/noticias\/instalaciones\/2022\/01\/aiguaviva-dispone-nueva-estacion-meteorologica-municipal-suministrada-instalada-darrera\/","og_site_name":"Darrera","article_publisher":"http:\/\/facebook.com\/darrerameteo","article_published_time":"2022-01-18T21:44:25+00:00","article_modified_time":"2022-01-18T22:49:18+00:00","og_image":[{"width":1170,"height":750,"url":"https:\/\/www.darrera.com\/wp-content\/uploads\/2022\/01\/news-aiguaviva-has-new-municipal-weather-station-supplied-installed-darrera.jpg","type":"image\/jpeg"}],"author":"Darrera","twitter_card":"summary_large_image","twitter_creator":"@darrera_meteo","twitter_site":"@darrera_meteo","twitter_misc":{"Escrito por":"Darrera","Tiempo de lectura":"1 minuto"},"schema":{"@context":"https:\/\/schema.org","@graph":[{"@type":"Article","@id":"https:\/\/www.darrera.com\/es\/noticias\/instalaciones\/2022\/01\/aiguaviva-dispone-nueva-estacion-meteorologica-municipal-suministrada-instalada-darrera\/#article","isPartOf":{"@id":"https:\/\/www.darrera.com\/es\/noticias\/instalaciones\/2022\/01\/aiguaviva-dispone-nueva-estacion-meteorologica-municipal-suministrada-instalada-darrera\/"},"author":{"name":"Darrera","@id":"https:\/\/www.darrera.com\/es\/#\/schema\/person\/1343a9301b7253ed15f0d1a69e15b220"},"headline":"Aiguaviva dispone de una nueva estaci\u00f3n meteorol\u00f3gica municipal suministrada e instalada por Darrera","datePublished":"2022-01-18T21:44:25+00:00","dateModified":"2022-01-18T22:49:18+00:00","mainEntityOfPage":{"@id":"https:\/\/www.darrera.com\/es\/noticias\/instalaciones\/2022\/01\/aiguaviva-dispone-nueva-estacion-meteorologica-municipal-suministrada-instalada-darrera\/"},"wordCount":212,"publisher":{"@id":"https:\/\/www.darrera.com\/es\/#organization"},"image":{"@id":"https:\/\/www.darrera.com\/es\/noticias\/instalaciones\/2022\/01\/aiguaviva-dispone-nueva-estacion-meteorologica-municipal-suministrada-instalada-darrera\/#primaryimage"},"thumbnailUrl":"https:\/\/www.darrera.com\/wp-content\/uploads\/2022\/01\/news-aiguaviva-has-new-municipal-weather-station-supplied-installed-darrera.jpg","keywords":["ayuntamiento","calidad del aire","estaci\u00f3n meteorol\u00f3gica","instalaci\u00f3n"],"articleSection":["Instalaciones"],"inLanguage":"es"},{"@type":"WebPage","@id":"https:\/\/www.darrera.com\/es\/noticias\/instalaciones\/2022\/01\/aiguaviva-dispone-nueva-estacion-meteorologica-municipal-suministrada-instalada-darrera\/","url":"https:\/\/www.darrera.com\/es\/noticias\/instalaciones\/2022\/01\/aiguaviva-dispone-nueva-estacion-meteorologica-municipal-suministrada-instalada-darrera\/","name":"Aiguaviva dispone de una nueva estaci\u00f3n meteorol\u00f3gica municipal suministrada e instalada por Darrera | Darrera","isPartOf":{"@id":"https:\/\/www.darrera.com\/es\/#website"},"primaryImageOfPage":{"@id":"https:\/\/www.darrera.com\/es\/noticias\/instalaciones\/2022\/01\/aiguaviva-dispone-nueva-estacion-meteorologica-municipal-suministrada-instalada-darrera\/#primaryimage"},"image":{"@id":"https:\/\/www.darrera.com\/es\/noticias\/instalaciones\/2022\/01\/aiguaviva-dispone-nueva-estacion-meteorologica-municipal-suministrada-instalada-darrera\/#primaryimage"},"thumbnailUrl":"https:\/\/www.darrera.com\/wp-content\/uploads\/2022\/01\/news-aiguaviva-has-new-municipal-weather-station-supplied-installed-darrera.jpg","datePublished":"2022-01-18T21:44:25+00:00","dateModified":"2022-01-18T22:49:18+00:00","breadcrumb":{"@id":"https:\/\/www.darrera.com\/es\/noticias\/instalaciones\/2022\/01\/aiguaviva-dispone-nueva-estacion-meteorologica-municipal-suministrada-instalada-darrera\/#breadcrumb"},"inLanguage":"es","potentialAction":[{"@type":"ReadAction","target":["https:\/\/www.darrera.com\/es\/noticias\/instalaciones\/2022\/01\/aiguaviva-dispone-nueva-estacion-meteorologica-municipal-suministrada-instalada-darrera\/"]}]},{"@type":"ImageObject","inLanguage":"es","@id":"https:\/\/www.darrera.com\/es\/noticias\/instalaciones\/2022\/01\/aiguaviva-dispone-nueva-estacion-meteorologica-municipal-suministrada-instalada-darrera\/#primaryimage","url":"https:\/\/www.darrera.com\/wp-content\/uploads\/2022\/01\/news-aiguaviva-has-new-municipal-weather-station-supplied-installed-darrera.jpg","contentUrl":"https:\/\/www.darrera.com\/wp-content\/uploads\/2022\/01\/news-aiguaviva-has-new-municipal-weather-station-supplied-installed-darrera.jpg","width":1170,"height":750,"caption":"Aiguaviva dispone de una nueva estaci\u00f3n meteorol\u00f3gica municipal suministrada e instalada por Darrera"},{"@type":"BreadcrumbList","@id":"https:\/\/www.darrera.com\/es\/noticias\/instalaciones\/2022\/01\/aiguaviva-dispone-nueva-estacion-meteorologica-municipal-suministrada-instalada-darrera\/#breadcrumb","itemListElement":[{"@type":"ListItem","position":1,"name":"Home","item":"https:\/\/www.darrera.com\/es\/"},{"@type":"ListItem","position":2,"name":"Aiguaviva dispone de una nueva estaci\u00f3n meteorol\u00f3gica municipal suministrada e instalada por Darrera"}]},{"@type":"WebSite","@id":"https:\/\/www.darrera.com\/es\/#website","url":"https:\/\/www.darrera.com\/es\/","name":"Darrera","description":"Instrumentos, soluciones y servicios meteorol\u00f3gicos","publisher":{"@id":"https:\/\/www.darrera.com\/es\/#organization"},"potentialAction":[{"@type":"SearchAction","target":{"@type":"EntryPoint","urlTemplate":"https:\/\/www.darrera.com\/es\/?s={search_term_string}"},"query-input":{"@type":"PropertyValueSpecification","valueRequired":true,"valueName":"search_term_string"}}],"inLanguage":"es"},{"@type":"Organization","@id":"https:\/\/www.darrera.com\/es\/#organization","name":"Darrera","url":"https:\/\/www.darrera.com\/es\/","logo":{"@type":"ImageObject","inLanguage":"es","@id":"https:\/\/www.darrera.com\/es\/#\/schema\/logo\/image\/","url":"https:\/\/www.darrera.com\/wp\/wp-content\/uploads\/logo-darrera.png","contentUrl":"https:\/\/www.darrera.com\/wp\/wp-content\/uploads\/logo-darrera.png","width":500,"height":85,"caption":"Darrera"},"image":{"@id":"https:\/\/www.darrera.com\/es\/#\/schema\/logo\/image\/"},"sameAs":["http:\/\/facebook.com\/darrerameteo","https:\/\/x.com\/darrera_meteo","https:\/\/www.linkedin.com\/company\/darrera-s-a-","http:\/\/youtube.com\/darreratv"]},{"@type":"Person","@id":"https:\/\/www.darrera.com\/es\/#\/schema\/person\/1343a9301b7253ed15f0d1a69e15b220","name":"Darrera","image":{"@type":"ImageObject","inLanguage":"es","@id":"https:\/\/secure.gravatar.com\/avatar\/33ff272113d47d151dae7e513c1e4307e28c4e2a7e87b05dba3e37ed4a070480?s=96&d=mm&r=g","url":"https:\/\/secure.gravatar.com\/avatar\/33ff272113d47d151dae7e513c1e4307e28c4e2a7e87b05dba3e37ed4a070480?s=96&d=mm&r=g","contentUrl":"https:\/\/secure.gravatar.com\/avatar\/33ff272113d47d151dae7e513c1e4307e28c4e2a7e87b05dba3e37ed4a070480?s=96&d=mm&r=g","caption":"Darrera"}}]}},"_links":{"self":[{"href":"https:\/\/www.darrera.com\/es\/wp-json\/wp\/v2\/posts\/4811","targetHints":{"allow":["GET"]}}],"collection":[{"href":"https:\/\/www.darrera.com\/es\/wp-json\/wp\/v2\/posts"}],"about":[{"href":"https:\/\/www.darrera.com\/es\/wp-json\/wp\/v2\/types\/post"}],"author":[{"embeddable":true,"href":"https:\/\/www.darrera.com\/es\/wp-json\/wp\/v2\/users\/2"}],"replies":[{"embeddable":true,"href":"https:\/\/www.darrera.com\/es\/wp-json\/wp\/v2\/comments?post=4811"}],"version-history":[{"count":7,"href":"https:\/\/www.darrera.com\/es\/wp-json\/wp\/v2\/posts\/4811\/revisions"}],"predecessor-version":[{"id":4822,"href":"https:\/\/www.darrera.com\/es\/wp-json\/wp\/v2\/posts\/4811\/revisions\/4822"}],"wp:featuredmedia":[{"embeddable":true,"href":"https:\/\/www.darrera.com\/es\/wp-json\/wp\/v2\/media\/4819"}],"wp:attachment":[{"href":"https:\/\/www.darrera.com\/es\/wp-json\/wp\/v2\/media?parent=4811"}],"wp:term":[{"taxonomy":"category","embeddable":true,"href":"https:\/\/www.darrera.com\/es\/wp-json\/wp\/v2\/categories?post=4811"},{"taxonomy":"post_tag","embeddable":true,"href":"https:\/\/www.darrera.com\/es\/wp-json\/wp\/v2\/tags?post=4811"}],"curies":[{"name":"wp","href":"https:\/\/api.w.org\/{rel}","templated":true}]}}