{"id":488,"date":"2015-02-18T16:00:59","date_gmt":"2015-02-18T15:00:59","guid":{"rendered":"http:\/\/www.darrera.com\/wp\/?p=488\/"},"modified":"2018-06-27T15:36:02","modified_gmt":"2018-06-27T13:36:02","slug":"darrera-suministra-anemometro-ultrasonico-templo-expiatorio-sagrada-familia-barcelona","status":"publish","type":"post","link":"https:\/\/www.darrera.com\/es\/noticias\/suministros\/2015\/02\/darrera-suministra-anemometro-ultrasonico-templo-expiatorio-sagrada-familia-barcelona\/","title":{"rendered":"Darrera suministra un anem\u00f3metro ultras\u00f3nico al Templo Expiatorio de la Sagrada Familia (Barcelona)"},"content":{"rendered":"<h3>Darrera configura y suministra un anem\u00f3metro ultras\u00f3nico de altas prestaciones al Templo Expiatorio de la Sagrada Familia (Barcelona), el cual permitir\u00e1 monitorizar de forma precisa las condiciones de viento en lo alto del monumental edificio, con el fin de incrementar a\u00fan m\u00e1s la seguridad de los operarios y visitantes.<\/h3>\n<p>La Sagrada Familia es la obra maestra inacabada de Antoni Gaud\u00ed, y m\u00e1ximo exponente del modernismo catal\u00e1n. Su construcci\u00f3n se inici\u00f3 en 1882 y est\u00e1 previsto que culmine en 2026, coincidiendo con el primer centenario de la muerte del c\u00e9lebre arquitecto. Las obras se desarrollan paralelamente a la visita de millones de turistas de todo el mundo, lo que exige adoptar las m\u00e1ximas medidas de seguridad.<\/p>\n<p>El equipo suministrado se compone de un anem\u00f3metro ultras\u00f3nico dotado de un sistema de alimentaci\u00f3n ininterrumpida que garantiza la disponibilidad de los datos de velocidad y direcci\u00f3n del viento ante eventuales cortes del suministro el\u00e9ctrico. Los datos son accesibles en local desde el centro de control ubicado a nivel de calle.<\/p>\n","protected":false},"excerpt":{"rendered":"<p>Darrera configura y suministra un anem\u00f3metro ultras\u00f3nico de altas prestaciones al Templo Expiatorio de la Sagrada Familia (Barcelona), el cual permitir\u00e1 monitorizar de forma precisa las condiciones de viento en lo alto del monumental edificio, con el fin de incrementar a\u00fan m\u00e1s la seguridad de los operarios y visitantes.<\/p>\n","protected":false},"author":2,"featured_media":418,"comment_status":"closed","ping_status":"open","sticky":false,"template":"","format":"standard","meta":{"footnotes":""},"categories":[61],"tags":[63,64,106,90,104],"class_list":["post-488","post","type-post","status-publish","format-standard","has-post-thumbnail","hentry","category-suministros","tag-alarmas","tag-anemometro","tag-monitorizacion-viento","tag-sagrada-familia-es","tag-viento"],"yoast_head":"<!-- This site is optimized with the Yoast SEO plugin v27.4 - https:\/\/yoast.com\/product\/yoast-seo-wordpress\/ -->\n<title>Darrera suministra un anem\u00f3metro ultras\u00f3nico al Templo Expiatorio de la Sagrada Familia (Barcelona) | Darrera<\/title>\n<meta name=\"robots\" content=\"index, follow, max-snippet:-1, max-image-preview:large, max-video-preview:-1\" \/>\n<link rel=\"canonical\" href=\"https:\/\/www.darrera.com\/es\/noticias\/suministros\/2015\/02\/darrera-suministra-anemometro-ultrasonico-templo-expiatorio-sagrada-familia-barcelona\/\" \/>\n<meta property=\"og:locale\" content=\"es_ES\" \/>\n<meta property=\"og:type\" content=\"article\" \/>\n<meta property=\"og:title\" content=\"Darrera suministra un anem\u00f3metro ultras\u00f3nico al Templo Expiatorio de la Sagrada Familia (Barcelona) | Darrera\" \/>\n<meta property=\"og:description\" content=\"Darrera configura y suministra un anem\u00f3metro ultras\u00f3nico de altas prestaciones al Templo Expiatorio de la Sagrada Familia (Barcelona), el cual permitir\u00e1 monitorizar de forma precisa las condiciones de viento en lo alto del monumental edificio, con el fin de incrementar a\u00fan m\u00e1s la seguridad de los operarios y visitantes.\" \/>\n<meta property=\"og:url\" content=\"https:\/\/www.darrera.com\/es\/noticias\/suministros\/2015\/02\/darrera-suministra-anemometro-ultrasonico-templo-expiatorio-sagrada-familia-barcelona\/\" \/>\n<meta property=\"og:site_name\" content=\"Darrera\" \/>\n<meta property=\"article:publisher\" content=\"http:\/\/facebook.com\/darrerameteo\" \/>\n<meta property=\"article:published_time\" content=\"2015-02-18T15:00:59+00:00\" \/>\n<meta property=\"article:modified_time\" content=\"2018-06-27T13:36:02+00:00\" \/>\n<meta property=\"og:image\" content=\"https:\/\/www.darrera.com\/wp-content\/uploads\/2015\/02\/news-darrera-supplies-ultrasonic-anemometer-expiatory-church-la-sagrada-familia-barcelona.jpg\" \/>\n\t<meta property=\"og:image:width\" content=\"1170\" \/>\n\t<meta property=\"og:image:height\" content=\"750\" \/>\n\t<meta property=\"og:image:type\" content=\"image\/jpeg\" \/>\n<meta name=\"author\" content=\"Darrera\" \/>\n<meta name=\"twitter:card\" content=\"summary_large_image\" \/>\n<meta name=\"twitter:creator\" content=\"@darrera_meteo\" \/>\n<meta name=\"twitter:site\" content=\"@darrera_meteo\" \/>\n<meta name=\"twitter:label1\" content=\"Escrito por\" \/>\n\t<meta name=\"twitter:data1\" content=\"Darrera\" \/>\n\t<meta name=\"twitter:label2\" content=\"Tiempo de lectura\" \/>\n\t<meta name=\"twitter:data2\" content=\"1 minuto\" \/>\n<script type=\"application\/ld+json\" class=\"yoast-schema-graph\">{\"@context\":\"https:\\\/\\\/schema.org\",\"@graph\":[{\"@type\":\"Article\",\"@id\":\"https:\\\/\\\/www.darrera.com\\\/es\\\/noticias\\\/suministros\\\/2015\\\/02\\\/darrera-suministra-anemometro-ultrasonico-templo-expiatorio-sagrada-familia-barcelona\\\/#article\",\"isPartOf\":{\"@id\":\"https:\\\/\\\/www.darrera.com\\\/es\\\/noticias\\\/suministros\\\/2015\\\/02\\\/darrera-suministra-anemometro-ultrasonico-templo-expiatorio-sagrada-familia-barcelona\\\/\"},\"author\":{\"name\":\"Darrera\",\"@id\":\"https:\\\/\\\/www.darrera.com\\\/es\\\/#\\\/schema\\\/person\\\/1343a9301b7253ed15f0d1a69e15b220\"},\"headline\":\"Darrera suministra un anem\u00f3metro ultras\u00f3nico al Templo Expiatorio de la Sagrada Familia (Barcelona)\",\"datePublished\":\"2015-02-18T15:00:59+00:00\",\"dateModified\":\"2018-06-27T13:36:02+00:00\",\"mainEntityOfPage\":{\"@id\":\"https:\\\/\\\/www.darrera.com\\\/es\\\/noticias\\\/suministros\\\/2015\\\/02\\\/darrera-suministra-anemometro-ultrasonico-templo-expiatorio-sagrada-familia-barcelona\\\/\"},\"wordCount\":193,\"publisher\":{\"@id\":\"https:\\\/\\\/www.darrera.com\\\/es\\\/#organization\"},\"image\":{\"@id\":\"https:\\\/\\\/www.darrera.com\\\/es\\\/noticias\\\/suministros\\\/2015\\\/02\\\/darrera-suministra-anemometro-ultrasonico-templo-expiatorio-sagrada-familia-barcelona\\\/#primaryimage\"},\"thumbnailUrl\":\"https:\\\/\\\/www.darrera.com\\\/wp-content\\\/uploads\\\/2015\\\/02\\\/news-darrera-supplies-ultrasonic-anemometer-expiatory-church-la-sagrada-familia-barcelona.jpg\",\"keywords\":[\"alarmas\",\"anem\u00f3metro\",\"monitorizaci\u00f3n de viento\",\"sagrada familia\",\"viento\"],\"articleSection\":[\"Suministros\"],\"inLanguage\":\"es\"},{\"@type\":\"WebPage\",\"@id\":\"https:\\\/\\\/www.darrera.com\\\/es\\\/noticias\\\/suministros\\\/2015\\\/02\\\/darrera-suministra-anemometro-ultrasonico-templo-expiatorio-sagrada-familia-barcelona\\\/\",\"url\":\"https:\\\/\\\/www.darrera.com\\\/es\\\/noticias\\\/suministros\\\/2015\\\/02\\\/darrera-suministra-anemometro-ultrasonico-templo-expiatorio-sagrada-familia-barcelona\\\/\",\"name\":\"Darrera suministra un anem\u00f3metro ultras\u00f3nico al Templo Expiatorio de la Sagrada Familia (Barcelona) | Darrera\",\"isPartOf\":{\"@id\":\"https:\\\/\\\/www.darrera.com\\\/es\\\/#website\"},\"primaryImageOfPage\":{\"@id\":\"https:\\\/\\\/www.darrera.com\\\/es\\\/noticias\\\/suministros\\\/2015\\\/02\\\/darrera-suministra-anemometro-ultrasonico-templo-expiatorio-sagrada-familia-barcelona\\\/#primaryimage\"},\"image\":{\"@id\":\"https:\\\/\\\/www.darrera.com\\\/es\\\/noticias\\\/suministros\\\/2015\\\/02\\\/darrera-suministra-anemometro-ultrasonico-templo-expiatorio-sagrada-familia-barcelona\\\/#primaryimage\"},\"thumbnailUrl\":\"https:\\\/\\\/www.darrera.com\\\/wp-content\\\/uploads\\\/2015\\\/02\\\/news-darrera-supplies-ultrasonic-anemometer-expiatory-church-la-sagrada-familia-barcelona.jpg\",\"datePublished\":\"2015-02-18T15:00:59+00:00\",\"dateModified\":\"2018-06-27T13:36:02+00:00\",\"breadcrumb\":{\"@id\":\"https:\\\/\\\/www.darrera.com\\\/es\\\/noticias\\\/suministros\\\/2015\\\/02\\\/darrera-suministra-anemometro-ultrasonico-templo-expiatorio-sagrada-familia-barcelona\\\/#breadcrumb\"},\"inLanguage\":\"es\",\"potentialAction\":[{\"@type\":\"ReadAction\",\"target\":[\"https:\\\/\\\/www.darrera.com\\\/es\\\/noticias\\\/suministros\\\/2015\\\/02\\\/darrera-suministra-anemometro-ultrasonico-templo-expiatorio-sagrada-familia-barcelona\\\/\"]}]},{\"@type\":\"ImageObject\",\"inLanguage\":\"es\",\"@id\":\"https:\\\/\\\/www.darrera.com\\\/es\\\/noticias\\\/suministros\\\/2015\\\/02\\\/darrera-suministra-anemometro-ultrasonico-templo-expiatorio-sagrada-familia-barcelona\\\/#primaryimage\",\"url\":\"https:\\\/\\\/www.darrera.com\\\/wp-content\\\/uploads\\\/2015\\\/02\\\/news-darrera-supplies-ultrasonic-anemometer-expiatory-church-la-sagrada-familia-barcelona.jpg\",\"contentUrl\":\"https:\\\/\\\/www.darrera.com\\\/wp-content\\\/uploads\\\/2015\\\/02\\\/news-darrera-supplies-ultrasonic-anemometer-expiatory-church-la-sagrada-familia-barcelona.jpg\",\"width\":1170,\"height\":750,\"caption\":\"Darrera suministra un anem\u00f3metro ultras\u00f3nico al Templo Expiatorio de la Sagrada Familia (Barcelona)\"},{\"@type\":\"BreadcrumbList\",\"@id\":\"https:\\\/\\\/www.darrera.com\\\/es\\\/noticias\\\/suministros\\\/2015\\\/02\\\/darrera-suministra-anemometro-ultrasonico-templo-expiatorio-sagrada-familia-barcelona\\\/#breadcrumb\",\"itemListElement\":[{\"@type\":\"ListItem\",\"position\":1,\"name\":\"Home\",\"item\":\"https:\\\/\\\/www.darrera.com\\\/es\\\/\"},{\"@type\":\"ListItem\",\"position\":2,\"name\":\"Darrera suministra un anem\u00f3metro ultras\u00f3nico al Templo Expiatorio de la Sagrada Familia (Barcelona)\"}]},{\"@type\":\"WebSite\",\"@id\":\"https:\\\/\\\/www.darrera.com\\\/es\\\/#website\",\"url\":\"https:\\\/\\\/www.darrera.com\\\/es\\\/\",\"name\":\"Darrera\",\"description\":\"Instrumentos, soluciones y servicios meteorol\u00f3gicos\",\"publisher\":{\"@id\":\"https:\\\/\\\/www.darrera.com\\\/es\\\/#organization\"},\"potentialAction\":[{\"@type\":\"SearchAction\",\"target\":{\"@type\":\"EntryPoint\",\"urlTemplate\":\"https:\\\/\\\/www.darrera.com\\\/es\\\/?s={search_term_string}\"},\"query-input\":{\"@type\":\"PropertyValueSpecification\",\"valueRequired\":true,\"valueName\":\"search_term_string\"}}],\"inLanguage\":\"es\"},{\"@type\":\"Organization\",\"@id\":\"https:\\\/\\\/www.darrera.com\\\/es\\\/#organization\",\"name\":\"Darrera\",\"url\":\"https:\\\/\\\/www.darrera.com\\\/es\\\/\",\"logo\":{\"@type\":\"ImageObject\",\"inLanguage\":\"es\",\"@id\":\"https:\\\/\\\/www.darrera.com\\\/es\\\/#\\\/schema\\\/logo\\\/image\\\/\",\"url\":\"https:\\\/\\\/www.darrera.com\\\/wp\\\/wp-content\\\/uploads\\\/logo-darrera.png\",\"contentUrl\":\"https:\\\/\\\/www.darrera.com\\\/wp\\\/wp-content\\\/uploads\\\/logo-darrera.png\",\"width\":500,\"height\":85,\"caption\":\"Darrera\"},\"image\":{\"@id\":\"https:\\\/\\\/www.darrera.com\\\/es\\\/#\\\/schema\\\/logo\\\/image\\\/\"},\"sameAs\":[\"http:\\\/\\\/facebook.com\\\/darrerameteo\",\"https:\\\/\\\/x.com\\\/darrera_meteo\",\"https:\\\/\\\/www.linkedin.com\\\/company\\\/darrera-s-a-\",\"http:\\\/\\\/youtube.com\\\/darreratv\"]},{\"@type\":\"Person\",\"@id\":\"https:\\\/\\\/www.darrera.com\\\/es\\\/#\\\/schema\\\/person\\\/1343a9301b7253ed15f0d1a69e15b220\",\"name\":\"Darrera\",\"image\":{\"@type\":\"ImageObject\",\"inLanguage\":\"es\",\"@id\":\"https:\\\/\\\/secure.gravatar.com\\\/avatar\\\/33ff272113d47d151dae7e513c1e4307e28c4e2a7e87b05dba3e37ed4a070480?s=96&d=mm&r=g\",\"url\":\"https:\\\/\\\/secure.gravatar.com\\\/avatar\\\/33ff272113d47d151dae7e513c1e4307e28c4e2a7e87b05dba3e37ed4a070480?s=96&d=mm&r=g\",\"contentUrl\":\"https:\\\/\\\/secure.gravatar.com\\\/avatar\\\/33ff272113d47d151dae7e513c1e4307e28c4e2a7e87b05dba3e37ed4a070480?s=96&d=mm&r=g\",\"caption\":\"Darrera\"}}]}<\/script>\n<!-- \/ Yoast SEO plugin. -->","yoast_head_json":{"title":"Darrera suministra un anem\u00f3metro ultras\u00f3nico al Templo Expiatorio de la Sagrada Familia (Barcelona) | Darrera","robots":{"index":"index","follow":"follow","max-snippet":"max-snippet:-1","max-image-preview":"max-image-preview:large","max-video-preview":"max-video-preview:-1"},"canonical":"https:\/\/www.darrera.com\/es\/noticias\/suministros\/2015\/02\/darrera-suministra-anemometro-ultrasonico-templo-expiatorio-sagrada-familia-barcelona\/","og_locale":"es_ES","og_type":"article","og_title":"Darrera suministra un anem\u00f3metro ultras\u00f3nico al Templo Expiatorio de la Sagrada Familia (Barcelona) | Darrera","og_description":"Darrera configura y suministra un anem\u00f3metro ultras\u00f3nico de altas prestaciones al Templo Expiatorio de la Sagrada Familia (Barcelona), el cual permitir\u00e1 monitorizar de forma precisa las condiciones de viento en lo alto del monumental edificio, con el fin de incrementar a\u00fan m\u00e1s la seguridad de los operarios y visitantes.","og_url":"https:\/\/www.darrera.com\/es\/noticias\/suministros\/2015\/02\/darrera-suministra-anemometro-ultrasonico-templo-expiatorio-sagrada-familia-barcelona\/","og_site_name":"Darrera","article_publisher":"http:\/\/facebook.com\/darrerameteo","article_published_time":"2015-02-18T15:00:59+00:00","article_modified_time":"2018-06-27T13:36:02+00:00","og_image":[{"width":1170,"height":750,"url":"https:\/\/www.darrera.com\/wp-content\/uploads\/2015\/02\/news-darrera-supplies-ultrasonic-anemometer-expiatory-church-la-sagrada-familia-barcelona.jpg","type":"image\/jpeg"}],"author":"Darrera","twitter_card":"summary_large_image","twitter_creator":"@darrera_meteo","twitter_site":"@darrera_meteo","twitter_misc":{"Escrito por":"Darrera","Tiempo de lectura":"1 minuto"},"schema":{"@context":"https:\/\/schema.org","@graph":[{"@type":"Article","@id":"https:\/\/www.darrera.com\/es\/noticias\/suministros\/2015\/02\/darrera-suministra-anemometro-ultrasonico-templo-expiatorio-sagrada-familia-barcelona\/#article","isPartOf":{"@id":"https:\/\/www.darrera.com\/es\/noticias\/suministros\/2015\/02\/darrera-suministra-anemometro-ultrasonico-templo-expiatorio-sagrada-familia-barcelona\/"},"author":{"name":"Darrera","@id":"https:\/\/www.darrera.com\/es\/#\/schema\/person\/1343a9301b7253ed15f0d1a69e15b220"},"headline":"Darrera suministra un anem\u00f3metro ultras\u00f3nico al Templo Expiatorio de la Sagrada Familia (Barcelona)","datePublished":"2015-02-18T15:00:59+00:00","dateModified":"2018-06-27T13:36:02+00:00","mainEntityOfPage":{"@id":"https:\/\/www.darrera.com\/es\/noticias\/suministros\/2015\/02\/darrera-suministra-anemometro-ultrasonico-templo-expiatorio-sagrada-familia-barcelona\/"},"wordCount":193,"publisher":{"@id":"https:\/\/www.darrera.com\/es\/#organization"},"image":{"@id":"https:\/\/www.darrera.com\/es\/noticias\/suministros\/2015\/02\/darrera-suministra-anemometro-ultrasonico-templo-expiatorio-sagrada-familia-barcelona\/#primaryimage"},"thumbnailUrl":"https:\/\/www.darrera.com\/wp-content\/uploads\/2015\/02\/news-darrera-supplies-ultrasonic-anemometer-expiatory-church-la-sagrada-familia-barcelona.jpg","keywords":["alarmas","anem\u00f3metro","monitorizaci\u00f3n de viento","sagrada familia","viento"],"articleSection":["Suministros"],"inLanguage":"es"},{"@type":"WebPage","@id":"https:\/\/www.darrera.com\/es\/noticias\/suministros\/2015\/02\/darrera-suministra-anemometro-ultrasonico-templo-expiatorio-sagrada-familia-barcelona\/","url":"https:\/\/www.darrera.com\/es\/noticias\/suministros\/2015\/02\/darrera-suministra-anemometro-ultrasonico-templo-expiatorio-sagrada-familia-barcelona\/","name":"Darrera suministra un anem\u00f3metro ultras\u00f3nico al Templo Expiatorio de la Sagrada Familia (Barcelona) | Darrera","isPartOf":{"@id":"https:\/\/www.darrera.com\/es\/#website"},"primaryImageOfPage":{"@id":"https:\/\/www.darrera.com\/es\/noticias\/suministros\/2015\/02\/darrera-suministra-anemometro-ultrasonico-templo-expiatorio-sagrada-familia-barcelona\/#primaryimage"},"image":{"@id":"https:\/\/www.darrera.com\/es\/noticias\/suministros\/2015\/02\/darrera-suministra-anemometro-ultrasonico-templo-expiatorio-sagrada-familia-barcelona\/#primaryimage"},"thumbnailUrl":"https:\/\/www.darrera.com\/wp-content\/uploads\/2015\/02\/news-darrera-supplies-ultrasonic-anemometer-expiatory-church-la-sagrada-familia-barcelona.jpg","datePublished":"2015-02-18T15:00:59+00:00","dateModified":"2018-06-27T13:36:02+00:00","breadcrumb":{"@id":"https:\/\/www.darrera.com\/es\/noticias\/suministros\/2015\/02\/darrera-suministra-anemometro-ultrasonico-templo-expiatorio-sagrada-familia-barcelona\/#breadcrumb"},"inLanguage":"es","potentialAction":[{"@type":"ReadAction","target":["https:\/\/www.darrera.com\/es\/noticias\/suministros\/2015\/02\/darrera-suministra-anemometro-ultrasonico-templo-expiatorio-sagrada-familia-barcelona\/"]}]},{"@type":"ImageObject","inLanguage":"es","@id":"https:\/\/www.darrera.com\/es\/noticias\/suministros\/2015\/02\/darrera-suministra-anemometro-ultrasonico-templo-expiatorio-sagrada-familia-barcelona\/#primaryimage","url":"https:\/\/www.darrera.com\/wp-content\/uploads\/2015\/02\/news-darrera-supplies-ultrasonic-anemometer-expiatory-church-la-sagrada-familia-barcelona.jpg","contentUrl":"https:\/\/www.darrera.com\/wp-content\/uploads\/2015\/02\/news-darrera-supplies-ultrasonic-anemometer-expiatory-church-la-sagrada-familia-barcelona.jpg","width":1170,"height":750,"caption":"Darrera suministra un anem\u00f3metro ultras\u00f3nico al Templo Expiatorio de la Sagrada Familia (Barcelona)"},{"@type":"BreadcrumbList","@id":"https:\/\/www.darrera.com\/es\/noticias\/suministros\/2015\/02\/darrera-suministra-anemometro-ultrasonico-templo-expiatorio-sagrada-familia-barcelona\/#breadcrumb","itemListElement":[{"@type":"ListItem","position":1,"name":"Home","item":"https:\/\/www.darrera.com\/es\/"},{"@type":"ListItem","position":2,"name":"Darrera suministra un anem\u00f3metro ultras\u00f3nico al Templo Expiatorio de la Sagrada Familia (Barcelona)"}]},{"@type":"WebSite","@id":"https:\/\/www.darrera.com\/es\/#website","url":"https:\/\/www.darrera.com\/es\/","name":"Darrera","description":"Instrumentos, soluciones y servicios meteorol\u00f3gicos","publisher":{"@id":"https:\/\/www.darrera.com\/es\/#organization"},"potentialAction":[{"@type":"SearchAction","target":{"@type":"EntryPoint","urlTemplate":"https:\/\/www.darrera.com\/es\/?s={search_term_string}"},"query-input":{"@type":"PropertyValueSpecification","valueRequired":true,"valueName":"search_term_string"}}],"inLanguage":"es"},{"@type":"Organization","@id":"https:\/\/www.darrera.com\/es\/#organization","name":"Darrera","url":"https:\/\/www.darrera.com\/es\/","logo":{"@type":"ImageObject","inLanguage":"es","@id":"https:\/\/www.darrera.com\/es\/#\/schema\/logo\/image\/","url":"https:\/\/www.darrera.com\/wp\/wp-content\/uploads\/logo-darrera.png","contentUrl":"https:\/\/www.darrera.com\/wp\/wp-content\/uploads\/logo-darrera.png","width":500,"height":85,"caption":"Darrera"},"image":{"@id":"https:\/\/www.darrera.com\/es\/#\/schema\/logo\/image\/"},"sameAs":["http:\/\/facebook.com\/darrerameteo","https:\/\/x.com\/darrera_meteo","https:\/\/www.linkedin.com\/company\/darrera-s-a-","http:\/\/youtube.com\/darreratv"]},{"@type":"Person","@id":"https:\/\/www.darrera.com\/es\/#\/schema\/person\/1343a9301b7253ed15f0d1a69e15b220","name":"Darrera","image":{"@type":"ImageObject","inLanguage":"es","@id":"https:\/\/secure.gravatar.com\/avatar\/33ff272113d47d151dae7e513c1e4307e28c4e2a7e87b05dba3e37ed4a070480?s=96&d=mm&r=g","url":"https:\/\/secure.gravatar.com\/avatar\/33ff272113d47d151dae7e513c1e4307e28c4e2a7e87b05dba3e37ed4a070480?s=96&d=mm&r=g","contentUrl":"https:\/\/secure.gravatar.com\/avatar\/33ff272113d47d151dae7e513c1e4307e28c4e2a7e87b05dba3e37ed4a070480?s=96&d=mm&r=g","caption":"Darrera"}}]}},"_links":{"self":[{"href":"https:\/\/www.darrera.com\/es\/wp-json\/wp\/v2\/posts\/488","targetHints":{"allow":["GET"]}}],"collection":[{"href":"https:\/\/www.darrera.com\/es\/wp-json\/wp\/v2\/posts"}],"about":[{"href":"https:\/\/www.darrera.com\/es\/wp-json\/wp\/v2\/types\/post"}],"author":[{"embeddable":true,"href":"https:\/\/www.darrera.com\/es\/wp-json\/wp\/v2\/users\/2"}],"replies":[{"embeddable":true,"href":"https:\/\/www.darrera.com\/es\/wp-json\/wp\/v2\/comments?post=488"}],"version-history":[{"count":2,"href":"https:\/\/www.darrera.com\/es\/wp-json\/wp\/v2\/posts\/488\/revisions"}],"predecessor-version":[{"id":821,"href":"https:\/\/www.darrera.com\/es\/wp-json\/wp\/v2\/posts\/488\/revisions\/821"}],"wp:featuredmedia":[{"embeddable":true,"href":"https:\/\/www.darrera.com\/es\/wp-json\/wp\/v2\/media\/418"}],"wp:attachment":[{"href":"https:\/\/www.darrera.com\/es\/wp-json\/wp\/v2\/media?parent=488"}],"wp:term":[{"taxonomy":"category","embeddable":true,"href":"https:\/\/www.darrera.com\/es\/wp-json\/wp\/v2\/categories?post=488"},{"taxonomy":"post_tag","embeddable":true,"href":"https:\/\/www.darrera.com\/es\/wp-json\/wp\/v2\/tags?post=488"}],"curies":[{"name":"wp","href":"https:\/\/api.w.org\/{rel}","templated":true}]}}