{"id":4921,"date":"2022-04-19T23:31:50","date_gmt":"2022-04-19T21:31:50","guid":{"rendered":"https:\/\/www.darrera.com\/wp\/?p=4921"},"modified":"2022-04-20T16:51:48","modified_gmt":"2022-04-20T14:51:48","slug":"darrera-lleva-cabo-renovacion-integral-estacion-meteorologica-instalada-deposito-controlado-vall-den-joan-barcelona","status":"publish","type":"post","link":"https:\/\/www.darrera.com\/es\/noticias\/instalaciones\/2022\/04\/darrera-lleva-cabo-renovacion-integral-estacion-meteorologica-instalada-deposito-controlado-vall-den-joan-barcelona\/","title":{"rendered":"Darrera lleva a cabo la renovaci\u00f3n integral de la estaci\u00f3n meteorol\u00f3gica instalada en el Dep\u00f3sito Controlado de la Vall d&#8217;en Joan en Barcelona"},"content":{"rendered":"<h3>La estaci\u00f3n vuelve a estar totalmente operativa y cuenta ahora con un nuevo sistema de comunicaci\u00f3n 4G para el env\u00edo de los datos en remoto a la plataforma online Weathercloud.<\/h3>\n<p>Darrera ha completado la renovaci\u00f3n de la estaci\u00f3n meteorol\u00f3gica del Dep\u00f3sito Controlado de la Vall d&#8217;en Joan, el cual ces\u00f3 su actividad en el a\u00f1o 2006 y cuya extensi\u00f3n de 60 hect\u00e1reas ha sido sometida a un proyecto de reparaci\u00f3n paisaj\u00edstica para su integraci\u00f3n en el \u00e1mbito del Parque Natural del Garraf.<\/p>\n<p>Las actuaciones han abarcado el desmontaje de todos los elementos que conformaban la estaci\u00f3n, la actualizaci\u00f3n de los sensores, el datalogger, el sistema de alimentaci\u00f3n y el sistema de transmisi\u00f3n de datos, la instalaci\u00f3n de una nueva estructura de montaje y la puesta de nuevo en funcionamiento del equipo.<\/p>\n<p>La actualizaci\u00f3n de la estaci\u00f3n ha incluido importantes mejoras, de entre las que destacan un nuevo piran\u00f3metro de segunda clase ISO 9060, un pluvi\u00f3metro de alta precisi\u00f3n y la calibraci\u00f3n en laboratorio del sensor combinado para la medici\u00f3n del viento, temperatura, humedad y presi\u00f3n atmosf\u00e9rica. Asimismo, el nuevo datalogger instalado dispone de un sistema de comunicaci\u00f3n 4G para el env\u00edo de los datos en remoto a la plataforma online Weathercloud. La plataforma permite a los empleados de la empresa gestora monitorizar las condiciones meteorol\u00f3gicas actuales en tiempo real, crear gr\u00e1ficas personalizadas y generar informes meteorol\u00f3gicos diarios, mensuales y anuales.<\/p>\n","protected":false},"excerpt":{"rendered":"<p>La estaci\u00f3n vuelve a estar totalmente operativa y cuenta ahora con un nuevo sistema de comunicaci\u00f3n 4G para el env\u00edo de los datos en remoto a la plataforma online Weathercloud.<\/p>\n","protected":false},"author":2,"featured_media":4919,"comment_status":"closed","ping_status":"open","sticky":false,"template":"","format":"standard","meta":{"footnotes":""},"categories":[59],"tags":[348,103,77,88,349],"class_list":["post-4921","post","type-post","status-publish","format-standard","has-post-thumbnail","hentry","category-instalaciones","tag-ecologia","tag-estacion-meteorologica","tag-instalacion","tag-remoto","tag-tratamiento-residuos"],"yoast_head":"<!-- This site is optimized with the Yoast SEO plugin v27.4 - https:\/\/yoast.com\/product\/yoast-seo-wordpress\/ -->\n<title>Darrera lleva a cabo la renovaci\u00f3n integral de la estaci\u00f3n meteorol\u00f3gica instalada en el Dep\u00f3sito Controlado de la Vall d&#039;en Joan en Barcelona | Darrera<\/title>\n<meta name=\"robots\" content=\"index, follow, max-snippet:-1, max-image-preview:large, max-video-preview:-1\" \/>\n<link rel=\"canonical\" href=\"https:\/\/www.darrera.com\/es\/noticias\/instalaciones\/2022\/04\/darrera-lleva-cabo-renovacion-integral-estacion-meteorologica-instalada-deposito-controlado-vall-den-joan-barcelona\/\" \/>\n<meta property=\"og:locale\" content=\"es_ES\" \/>\n<meta property=\"og:type\" content=\"article\" \/>\n<meta property=\"og:title\" content=\"Darrera lleva a cabo la renovaci\u00f3n integral de la estaci\u00f3n meteorol\u00f3gica instalada en el Dep\u00f3sito Controlado de la Vall d&#039;en Joan en Barcelona | Darrera\" \/>\n<meta property=\"og:description\" content=\"La estaci\u00f3n vuelve a estar totalmente operativa y cuenta ahora con un nuevo sistema de comunicaci\u00f3n 4G para el env\u00edo de los datos en remoto a la plataforma online Weathercloud.\" \/>\n<meta property=\"og:url\" content=\"https:\/\/www.darrera.com\/es\/noticias\/instalaciones\/2022\/04\/darrera-lleva-cabo-renovacion-integral-estacion-meteorologica-instalada-deposito-controlado-vall-den-joan-barcelona\/\" \/>\n<meta property=\"og:site_name\" content=\"Darrera\" \/>\n<meta property=\"article:publisher\" content=\"http:\/\/facebook.com\/darrerameteo\" \/>\n<meta property=\"article:published_time\" content=\"2022-04-19T21:31:50+00:00\" \/>\n<meta property=\"article:modified_time\" content=\"2022-04-20T14:51:48+00:00\" \/>\n<meta property=\"og:image\" content=\"https:\/\/www.darrera.com\/wp-content\/uploads\/2022\/04\/news-darrera-carries-out-complete-renovation-weather-station-installed-vall-den-joan-landfill-site-barcelona.jpg\" \/>\n\t<meta property=\"og:image:width\" content=\"1170\" \/>\n\t<meta property=\"og:image:height\" content=\"750\" \/>\n\t<meta property=\"og:image:type\" content=\"image\/jpeg\" \/>\n<meta name=\"author\" content=\"Darrera\" \/>\n<meta name=\"twitter:card\" content=\"summary_large_image\" \/>\n<meta name=\"twitter:creator\" content=\"@darrera_meteo\" \/>\n<meta name=\"twitter:site\" content=\"@darrera_meteo\" \/>\n<meta name=\"twitter:label1\" content=\"Escrito por\" \/>\n\t<meta name=\"twitter:data1\" content=\"Darrera\" \/>\n\t<meta name=\"twitter:label2\" content=\"Tiempo de lectura\" \/>\n\t<meta name=\"twitter:data2\" content=\"1 minuto\" \/>\n<script type=\"application\/ld+json\" class=\"yoast-schema-graph\">{\"@context\":\"https:\\\/\\\/schema.org\",\"@graph\":[{\"@type\":\"Article\",\"@id\":\"https:\\\/\\\/www.darrera.com\\\/es\\\/noticias\\\/instalaciones\\\/2022\\\/04\\\/darrera-lleva-cabo-renovacion-integral-estacion-meteorologica-instalada-deposito-controlado-vall-den-joan-barcelona\\\/#article\",\"isPartOf\":{\"@id\":\"https:\\\/\\\/www.darrera.com\\\/es\\\/noticias\\\/instalaciones\\\/2022\\\/04\\\/darrera-lleva-cabo-renovacion-integral-estacion-meteorologica-instalada-deposito-controlado-vall-den-joan-barcelona\\\/\"},\"author\":{\"name\":\"Darrera\",\"@id\":\"https:\\\/\\\/www.darrera.com\\\/es\\\/#\\\/schema\\\/person\\\/1343a9301b7253ed15f0d1a69e15b220\"},\"headline\":\"Darrera lleva a cabo la renovaci\u00f3n integral de la estaci\u00f3n meteorol\u00f3gica instalada en el Dep\u00f3sito Controlado de la Vall d&#8217;en Joan en Barcelona\",\"datePublished\":\"2022-04-19T21:31:50+00:00\",\"dateModified\":\"2022-04-20T14:51:48+00:00\",\"mainEntityOfPage\":{\"@id\":\"https:\\\/\\\/www.darrera.com\\\/es\\\/noticias\\\/instalaciones\\\/2022\\\/04\\\/darrera-lleva-cabo-renovacion-integral-estacion-meteorologica-instalada-deposito-controlado-vall-den-joan-barcelona\\\/\"},\"wordCount\":288,\"publisher\":{\"@id\":\"https:\\\/\\\/www.darrera.com\\\/es\\\/#organization\"},\"image\":{\"@id\":\"https:\\\/\\\/www.darrera.com\\\/es\\\/noticias\\\/instalaciones\\\/2022\\\/04\\\/darrera-lleva-cabo-renovacion-integral-estacion-meteorologica-instalada-deposito-controlado-vall-den-joan-barcelona\\\/#primaryimage\"},\"thumbnailUrl\":\"https:\\\/\\\/www.darrera.com\\\/wp-content\\\/uploads\\\/2022\\\/04\\\/news-darrera-carries-out-complete-renovation-weather-station-installed-vall-den-joan-landfill-site-barcelona.jpg\",\"keywords\":[\"ecolog\u00eda\",\"estaci\u00f3n meteorol\u00f3gica\",\"instalaci\u00f3n\",\"remoto\",\"tratamiento de residuos\"],\"articleSection\":[\"Instalaciones\"],\"inLanguage\":\"es\"},{\"@type\":\"WebPage\",\"@id\":\"https:\\\/\\\/www.darrera.com\\\/es\\\/noticias\\\/instalaciones\\\/2022\\\/04\\\/darrera-lleva-cabo-renovacion-integral-estacion-meteorologica-instalada-deposito-controlado-vall-den-joan-barcelona\\\/\",\"url\":\"https:\\\/\\\/www.darrera.com\\\/es\\\/noticias\\\/instalaciones\\\/2022\\\/04\\\/darrera-lleva-cabo-renovacion-integral-estacion-meteorologica-instalada-deposito-controlado-vall-den-joan-barcelona\\\/\",\"name\":\"Darrera lleva a cabo la renovaci\u00f3n integral de la estaci\u00f3n meteorol\u00f3gica instalada en el Dep\u00f3sito Controlado de la Vall d'en Joan en Barcelona | Darrera\",\"isPartOf\":{\"@id\":\"https:\\\/\\\/www.darrera.com\\\/es\\\/#website\"},\"primaryImageOfPage\":{\"@id\":\"https:\\\/\\\/www.darrera.com\\\/es\\\/noticias\\\/instalaciones\\\/2022\\\/04\\\/darrera-lleva-cabo-renovacion-integral-estacion-meteorologica-instalada-deposito-controlado-vall-den-joan-barcelona\\\/#primaryimage\"},\"image\":{\"@id\":\"https:\\\/\\\/www.darrera.com\\\/es\\\/noticias\\\/instalaciones\\\/2022\\\/04\\\/darrera-lleva-cabo-renovacion-integral-estacion-meteorologica-instalada-deposito-controlado-vall-den-joan-barcelona\\\/#primaryimage\"},\"thumbnailUrl\":\"https:\\\/\\\/www.darrera.com\\\/wp-content\\\/uploads\\\/2022\\\/04\\\/news-darrera-carries-out-complete-renovation-weather-station-installed-vall-den-joan-landfill-site-barcelona.jpg\",\"datePublished\":\"2022-04-19T21:31:50+00:00\",\"dateModified\":\"2022-04-20T14:51:48+00:00\",\"breadcrumb\":{\"@id\":\"https:\\\/\\\/www.darrera.com\\\/es\\\/noticias\\\/instalaciones\\\/2022\\\/04\\\/darrera-lleva-cabo-renovacion-integral-estacion-meteorologica-instalada-deposito-controlado-vall-den-joan-barcelona\\\/#breadcrumb\"},\"inLanguage\":\"es\",\"potentialAction\":[{\"@type\":\"ReadAction\",\"target\":[\"https:\\\/\\\/www.darrera.com\\\/es\\\/noticias\\\/instalaciones\\\/2022\\\/04\\\/darrera-lleva-cabo-renovacion-integral-estacion-meteorologica-instalada-deposito-controlado-vall-den-joan-barcelona\\\/\"]}]},{\"@type\":\"ImageObject\",\"inLanguage\":\"es\",\"@id\":\"https:\\\/\\\/www.darrera.com\\\/es\\\/noticias\\\/instalaciones\\\/2022\\\/04\\\/darrera-lleva-cabo-renovacion-integral-estacion-meteorologica-instalada-deposito-controlado-vall-den-joan-barcelona\\\/#primaryimage\",\"url\":\"https:\\\/\\\/www.darrera.com\\\/wp-content\\\/uploads\\\/2022\\\/04\\\/news-darrera-carries-out-complete-renovation-weather-station-installed-vall-den-joan-landfill-site-barcelona.jpg\",\"contentUrl\":\"https:\\\/\\\/www.darrera.com\\\/wp-content\\\/uploads\\\/2022\\\/04\\\/news-darrera-carries-out-complete-renovation-weather-station-installed-vall-den-joan-landfill-site-barcelona.jpg\",\"width\":1170,\"height\":750,\"caption\":\"Darrera lleva a cabo la renovaci\u00f3n integral de la estaci\u00f3n meteorol\u00f3gica instalada en el Dep\u00f3sito Controlado de la Vall d'en Joan en Barcelona\"},{\"@type\":\"BreadcrumbList\",\"@id\":\"https:\\\/\\\/www.darrera.com\\\/es\\\/noticias\\\/instalaciones\\\/2022\\\/04\\\/darrera-lleva-cabo-renovacion-integral-estacion-meteorologica-instalada-deposito-controlado-vall-den-joan-barcelona\\\/#breadcrumb\",\"itemListElement\":[{\"@type\":\"ListItem\",\"position\":1,\"name\":\"Home\",\"item\":\"https:\\\/\\\/www.darrera.com\\\/es\\\/\"},{\"@type\":\"ListItem\",\"position\":2,\"name\":\"Darrera lleva a cabo la renovaci\u00f3n integral de la estaci\u00f3n meteorol\u00f3gica instalada en el Dep\u00f3sito Controlado de la Vall d&#8217;en Joan en Barcelona\"}]},{\"@type\":\"WebSite\",\"@id\":\"https:\\\/\\\/www.darrera.com\\\/es\\\/#website\",\"url\":\"https:\\\/\\\/www.darrera.com\\\/es\\\/\",\"name\":\"Darrera\",\"description\":\"Instrumentos, soluciones y servicios meteorol\u00f3gicos\",\"publisher\":{\"@id\":\"https:\\\/\\\/www.darrera.com\\\/es\\\/#organization\"},\"potentialAction\":[{\"@type\":\"SearchAction\",\"target\":{\"@type\":\"EntryPoint\",\"urlTemplate\":\"https:\\\/\\\/www.darrera.com\\\/es\\\/?s={search_term_string}\"},\"query-input\":{\"@type\":\"PropertyValueSpecification\",\"valueRequired\":true,\"valueName\":\"search_term_string\"}}],\"inLanguage\":\"es\"},{\"@type\":\"Organization\",\"@id\":\"https:\\\/\\\/www.darrera.com\\\/es\\\/#organization\",\"name\":\"Darrera\",\"url\":\"https:\\\/\\\/www.darrera.com\\\/es\\\/\",\"logo\":{\"@type\":\"ImageObject\",\"inLanguage\":\"es\",\"@id\":\"https:\\\/\\\/www.darrera.com\\\/es\\\/#\\\/schema\\\/logo\\\/image\\\/\",\"url\":\"https:\\\/\\\/www.darrera.com\\\/wp\\\/wp-content\\\/uploads\\\/logo-darrera.png\",\"contentUrl\":\"https:\\\/\\\/www.darrera.com\\\/wp\\\/wp-content\\\/uploads\\\/logo-darrera.png\",\"width\":500,\"height\":85,\"caption\":\"Darrera\"},\"image\":{\"@id\":\"https:\\\/\\\/www.darrera.com\\\/es\\\/#\\\/schema\\\/logo\\\/image\\\/\"},\"sameAs\":[\"http:\\\/\\\/facebook.com\\\/darrerameteo\",\"https:\\\/\\\/x.com\\\/darrera_meteo\",\"https:\\\/\\\/www.linkedin.com\\\/company\\\/darrera-s-a-\",\"http:\\\/\\\/youtube.com\\\/darreratv\"]},{\"@type\":\"Person\",\"@id\":\"https:\\\/\\\/www.darrera.com\\\/es\\\/#\\\/schema\\\/person\\\/1343a9301b7253ed15f0d1a69e15b220\",\"name\":\"Darrera\",\"image\":{\"@type\":\"ImageObject\",\"inLanguage\":\"es\",\"@id\":\"https:\\\/\\\/secure.gravatar.com\\\/avatar\\\/33ff272113d47d151dae7e513c1e4307e28c4e2a7e87b05dba3e37ed4a070480?s=96&d=mm&r=g\",\"url\":\"https:\\\/\\\/secure.gravatar.com\\\/avatar\\\/33ff272113d47d151dae7e513c1e4307e28c4e2a7e87b05dba3e37ed4a070480?s=96&d=mm&r=g\",\"contentUrl\":\"https:\\\/\\\/secure.gravatar.com\\\/avatar\\\/33ff272113d47d151dae7e513c1e4307e28c4e2a7e87b05dba3e37ed4a070480?s=96&d=mm&r=g\",\"caption\":\"Darrera\"}}]}<\/script>\n<!-- \/ Yoast SEO plugin. -->","yoast_head_json":{"title":"Darrera lleva a cabo la renovaci\u00f3n integral de la estaci\u00f3n meteorol\u00f3gica instalada en el Dep\u00f3sito Controlado de la Vall d'en Joan en Barcelona | Darrera","robots":{"index":"index","follow":"follow","max-snippet":"max-snippet:-1","max-image-preview":"max-image-preview:large","max-video-preview":"max-video-preview:-1"},"canonical":"https:\/\/www.darrera.com\/es\/noticias\/instalaciones\/2022\/04\/darrera-lleva-cabo-renovacion-integral-estacion-meteorologica-instalada-deposito-controlado-vall-den-joan-barcelona\/","og_locale":"es_ES","og_type":"article","og_title":"Darrera lleva a cabo la renovaci\u00f3n integral de la estaci\u00f3n meteorol\u00f3gica instalada en el Dep\u00f3sito Controlado de la Vall d'en Joan en Barcelona | Darrera","og_description":"La estaci\u00f3n vuelve a estar totalmente operativa y cuenta ahora con un nuevo sistema de comunicaci\u00f3n 4G para el env\u00edo de los datos en remoto a la plataforma online Weathercloud.","og_url":"https:\/\/www.darrera.com\/es\/noticias\/instalaciones\/2022\/04\/darrera-lleva-cabo-renovacion-integral-estacion-meteorologica-instalada-deposito-controlado-vall-den-joan-barcelona\/","og_site_name":"Darrera","article_publisher":"http:\/\/facebook.com\/darrerameteo","article_published_time":"2022-04-19T21:31:50+00:00","article_modified_time":"2022-04-20T14:51:48+00:00","og_image":[{"width":1170,"height":750,"url":"https:\/\/www.darrera.com\/wp-content\/uploads\/2022\/04\/news-darrera-carries-out-complete-renovation-weather-station-installed-vall-den-joan-landfill-site-barcelona.jpg","type":"image\/jpeg"}],"author":"Darrera","twitter_card":"summary_large_image","twitter_creator":"@darrera_meteo","twitter_site":"@darrera_meteo","twitter_misc":{"Escrito por":"Darrera","Tiempo de lectura":"1 minuto"},"schema":{"@context":"https:\/\/schema.org","@graph":[{"@type":"Article","@id":"https:\/\/www.darrera.com\/es\/noticias\/instalaciones\/2022\/04\/darrera-lleva-cabo-renovacion-integral-estacion-meteorologica-instalada-deposito-controlado-vall-den-joan-barcelona\/#article","isPartOf":{"@id":"https:\/\/www.darrera.com\/es\/noticias\/instalaciones\/2022\/04\/darrera-lleva-cabo-renovacion-integral-estacion-meteorologica-instalada-deposito-controlado-vall-den-joan-barcelona\/"},"author":{"name":"Darrera","@id":"https:\/\/www.darrera.com\/es\/#\/schema\/person\/1343a9301b7253ed15f0d1a69e15b220"},"headline":"Darrera lleva a cabo la renovaci\u00f3n integral de la estaci\u00f3n meteorol\u00f3gica instalada en el Dep\u00f3sito Controlado de la Vall d&#8217;en Joan en Barcelona","datePublished":"2022-04-19T21:31:50+00:00","dateModified":"2022-04-20T14:51:48+00:00","mainEntityOfPage":{"@id":"https:\/\/www.darrera.com\/es\/noticias\/instalaciones\/2022\/04\/darrera-lleva-cabo-renovacion-integral-estacion-meteorologica-instalada-deposito-controlado-vall-den-joan-barcelona\/"},"wordCount":288,"publisher":{"@id":"https:\/\/www.darrera.com\/es\/#organization"},"image":{"@id":"https:\/\/www.darrera.com\/es\/noticias\/instalaciones\/2022\/04\/darrera-lleva-cabo-renovacion-integral-estacion-meteorologica-instalada-deposito-controlado-vall-den-joan-barcelona\/#primaryimage"},"thumbnailUrl":"https:\/\/www.darrera.com\/wp-content\/uploads\/2022\/04\/news-darrera-carries-out-complete-renovation-weather-station-installed-vall-den-joan-landfill-site-barcelona.jpg","keywords":["ecolog\u00eda","estaci\u00f3n meteorol\u00f3gica","instalaci\u00f3n","remoto","tratamiento de residuos"],"articleSection":["Instalaciones"],"inLanguage":"es"},{"@type":"WebPage","@id":"https:\/\/www.darrera.com\/es\/noticias\/instalaciones\/2022\/04\/darrera-lleva-cabo-renovacion-integral-estacion-meteorologica-instalada-deposito-controlado-vall-den-joan-barcelona\/","url":"https:\/\/www.darrera.com\/es\/noticias\/instalaciones\/2022\/04\/darrera-lleva-cabo-renovacion-integral-estacion-meteorologica-instalada-deposito-controlado-vall-den-joan-barcelona\/","name":"Darrera lleva a cabo la renovaci\u00f3n integral de la estaci\u00f3n meteorol\u00f3gica instalada en el Dep\u00f3sito Controlado de la Vall d'en Joan en Barcelona | Darrera","isPartOf":{"@id":"https:\/\/www.darrera.com\/es\/#website"},"primaryImageOfPage":{"@id":"https:\/\/www.darrera.com\/es\/noticias\/instalaciones\/2022\/04\/darrera-lleva-cabo-renovacion-integral-estacion-meteorologica-instalada-deposito-controlado-vall-den-joan-barcelona\/#primaryimage"},"image":{"@id":"https:\/\/www.darrera.com\/es\/noticias\/instalaciones\/2022\/04\/darrera-lleva-cabo-renovacion-integral-estacion-meteorologica-instalada-deposito-controlado-vall-den-joan-barcelona\/#primaryimage"},"thumbnailUrl":"https:\/\/www.darrera.com\/wp-content\/uploads\/2022\/04\/news-darrera-carries-out-complete-renovation-weather-station-installed-vall-den-joan-landfill-site-barcelona.jpg","datePublished":"2022-04-19T21:31:50+00:00","dateModified":"2022-04-20T14:51:48+00:00","breadcrumb":{"@id":"https:\/\/www.darrera.com\/es\/noticias\/instalaciones\/2022\/04\/darrera-lleva-cabo-renovacion-integral-estacion-meteorologica-instalada-deposito-controlado-vall-den-joan-barcelona\/#breadcrumb"},"inLanguage":"es","potentialAction":[{"@type":"ReadAction","target":["https:\/\/www.darrera.com\/es\/noticias\/instalaciones\/2022\/04\/darrera-lleva-cabo-renovacion-integral-estacion-meteorologica-instalada-deposito-controlado-vall-den-joan-barcelona\/"]}]},{"@type":"ImageObject","inLanguage":"es","@id":"https:\/\/www.darrera.com\/es\/noticias\/instalaciones\/2022\/04\/darrera-lleva-cabo-renovacion-integral-estacion-meteorologica-instalada-deposito-controlado-vall-den-joan-barcelona\/#primaryimage","url":"https:\/\/www.darrera.com\/wp-content\/uploads\/2022\/04\/news-darrera-carries-out-complete-renovation-weather-station-installed-vall-den-joan-landfill-site-barcelona.jpg","contentUrl":"https:\/\/www.darrera.com\/wp-content\/uploads\/2022\/04\/news-darrera-carries-out-complete-renovation-weather-station-installed-vall-den-joan-landfill-site-barcelona.jpg","width":1170,"height":750,"caption":"Darrera lleva a cabo la renovaci\u00f3n integral de la estaci\u00f3n meteorol\u00f3gica instalada en el Dep\u00f3sito Controlado de la Vall d'en Joan en Barcelona"},{"@type":"BreadcrumbList","@id":"https:\/\/www.darrera.com\/es\/noticias\/instalaciones\/2022\/04\/darrera-lleva-cabo-renovacion-integral-estacion-meteorologica-instalada-deposito-controlado-vall-den-joan-barcelona\/#breadcrumb","itemListElement":[{"@type":"ListItem","position":1,"name":"Home","item":"https:\/\/www.darrera.com\/es\/"},{"@type":"ListItem","position":2,"name":"Darrera lleva a cabo la renovaci\u00f3n integral de la estaci\u00f3n meteorol\u00f3gica instalada en el Dep\u00f3sito Controlado de la Vall d&#8217;en Joan en Barcelona"}]},{"@type":"WebSite","@id":"https:\/\/www.darrera.com\/es\/#website","url":"https:\/\/www.darrera.com\/es\/","name":"Darrera","description":"Instrumentos, soluciones y servicios meteorol\u00f3gicos","publisher":{"@id":"https:\/\/www.darrera.com\/es\/#organization"},"potentialAction":[{"@type":"SearchAction","target":{"@type":"EntryPoint","urlTemplate":"https:\/\/www.darrera.com\/es\/?s={search_term_string}"},"query-input":{"@type":"PropertyValueSpecification","valueRequired":true,"valueName":"search_term_string"}}],"inLanguage":"es"},{"@type":"Organization","@id":"https:\/\/www.darrera.com\/es\/#organization","name":"Darrera","url":"https:\/\/www.darrera.com\/es\/","logo":{"@type":"ImageObject","inLanguage":"es","@id":"https:\/\/www.darrera.com\/es\/#\/schema\/logo\/image\/","url":"https:\/\/www.darrera.com\/wp\/wp-content\/uploads\/logo-darrera.png","contentUrl":"https:\/\/www.darrera.com\/wp\/wp-content\/uploads\/logo-darrera.png","width":500,"height":85,"caption":"Darrera"},"image":{"@id":"https:\/\/www.darrera.com\/es\/#\/schema\/logo\/image\/"},"sameAs":["http:\/\/facebook.com\/darrerameteo","https:\/\/x.com\/darrera_meteo","https:\/\/www.linkedin.com\/company\/darrera-s-a-","http:\/\/youtube.com\/darreratv"]},{"@type":"Person","@id":"https:\/\/www.darrera.com\/es\/#\/schema\/person\/1343a9301b7253ed15f0d1a69e15b220","name":"Darrera","image":{"@type":"ImageObject","inLanguage":"es","@id":"https:\/\/secure.gravatar.com\/avatar\/33ff272113d47d151dae7e513c1e4307e28c4e2a7e87b05dba3e37ed4a070480?s=96&d=mm&r=g","url":"https:\/\/secure.gravatar.com\/avatar\/33ff272113d47d151dae7e513c1e4307e28c4e2a7e87b05dba3e37ed4a070480?s=96&d=mm&r=g","contentUrl":"https:\/\/secure.gravatar.com\/avatar\/33ff272113d47d151dae7e513c1e4307e28c4e2a7e87b05dba3e37ed4a070480?s=96&d=mm&r=g","caption":"Darrera"}}]}},"_links":{"self":[{"href":"https:\/\/www.darrera.com\/es\/wp-json\/wp\/v2\/posts\/4921","targetHints":{"allow":["GET"]}}],"collection":[{"href":"https:\/\/www.darrera.com\/es\/wp-json\/wp\/v2\/posts"}],"about":[{"href":"https:\/\/www.darrera.com\/es\/wp-json\/wp\/v2\/types\/post"}],"author":[{"embeddable":true,"href":"https:\/\/www.darrera.com\/es\/wp-json\/wp\/v2\/users\/2"}],"replies":[{"embeddable":true,"href":"https:\/\/www.darrera.com\/es\/wp-json\/wp\/v2\/comments?post=4921"}],"version-history":[{"count":3,"href":"https:\/\/www.darrera.com\/es\/wp-json\/wp\/v2\/posts\/4921\/revisions"}],"predecessor-version":[{"id":4924,"href":"https:\/\/www.darrera.com\/es\/wp-json\/wp\/v2\/posts\/4921\/revisions\/4924"}],"wp:featuredmedia":[{"embeddable":true,"href":"https:\/\/www.darrera.com\/es\/wp-json\/wp\/v2\/media\/4919"}],"wp:attachment":[{"href":"https:\/\/www.darrera.com\/es\/wp-json\/wp\/v2\/media?parent=4921"}],"wp:term":[{"taxonomy":"category","embeddable":true,"href":"https:\/\/www.darrera.com\/es\/wp-json\/wp\/v2\/categories?post=4921"},{"taxonomy":"post_tag","embeddable":true,"href":"https:\/\/www.darrera.com\/es\/wp-json\/wp\/v2\/tags?post=4921"}],"curies":[{"name":"wp","href":"https:\/\/api.w.org\/{rel}","templated":true}]}}