{"id":5577,"date":"2023-06-21T19:39:43","date_gmt":"2023-06-21T17:39:43","guid":{"rendered":"https:\/\/www.darrera.com\/wp\/?p=5577"},"modified":"2023-06-22T11:31:20","modified_gmt":"2023-06-22T09:31:20","slug":"darrera-instala-nueva-estacion-meteorologica-municipal-vantage-pro2-plus-santa-perpetua-mogoda","status":"publish","type":"post","link":"https:\/\/www.darrera.com\/es\/noticias\/instalaciones\/2023\/06\/darrera-instala-nueva-estacion-meteorologica-municipal-vantage-pro2-plus-santa-perpetua-mogoda\/","title":{"rendered":"Darrera instala la nueva estaci\u00f3n meteorol\u00f3gica municipal Vantage Pro2 Plus de Santa Perp\u00e8tua de Mogoda"},"content":{"rendered":"<h3>Gracias a este proyecto, Santa Perp\u00e8tua de Mogoda se suma a la creciente red de municipios comprometidos en ofrecer informaci\u00f3n meteorol\u00f3gica local precisa y fiable a la ciudadan\u00eda.<\/h3>\n<p>La nueva estaci\u00f3n meteorol\u00f3gica autom\u00e1tica Vantage Pro2 Plus, instalada por los t\u00e9cnicos de Darrera en el edificio del consistorio, se alimenta con energ\u00eda solar para un funcionamiento totalmente aut\u00f3nomo y respetuoso con el medio ambiente. El conjunto de sensores est\u00e1 equipado con anem\u00f3metro de cazoletas, veleta, termohigr\u00f3metro, pluvi\u00f3metro de balanc\u00edn, bar\u00f3metro, piran\u00f3metro y sensor de radiaci\u00f3n UV.<\/p>\n<p>Los datos meteorol\u00f3gicos se env\u00edan v\u00eda Wi-Fi a la plataforma online Weathercloud para municipios, lo que permite acceder a ellos en remoto desde un ordenador, tableta o smartphone. Los vecinos pueden ahora consultar las condiciones meteorol\u00f3gicas actuales en tiempo real y la predicci\u00f3n meteorol\u00f3gica local a 6 d\u00edas vista, adem\u00e1s de descargar informes del tiempo en PDF y generar gr\u00e1ficas de evoluci\u00f3n a partir de la base de datos hist\u00f3rica totalmente abierta al p\u00fablico.<\/p>\n","protected":false},"excerpt":{"rendered":"<p>Gracias a este proyecto, Santa Perp\u00e8tua de Mogoda se suma a la creciente red de municipios comprometidos en ofrecer informaci\u00f3n meteorol\u00f3gica local precisa y fiable a la ciudadan\u00eda.<\/p>\n","protected":false},"author":2,"featured_media":5580,"comment_status":"closed","ping_status":"open","sticky":false,"template":"","format":"standard","meta":{"footnotes":""},"categories":[59],"tags":[243,70,103,77,140],"class_list":["post-5577","post","type-post","status-publish","format-standard","has-post-thumbnail","hentry","category-instalaciones","tag-ayuntamiento","tag-davis-instruments-es","tag-estacion-meteorologica","tag-instalacion","tag-seguridad"],"yoast_head":"<!-- This site is optimized with the Yoast SEO plugin v27.4 - https:\/\/yoast.com\/product\/yoast-seo-wordpress\/ -->\n<title>Darrera instala la nueva estaci\u00f3n meteorol\u00f3gica municipal Vantage Pro2 Plus de Santa Perp\u00e8tua de Mogoda | Darrera<\/title>\n<meta name=\"robots\" content=\"index, follow, max-snippet:-1, max-image-preview:large, max-video-preview:-1\" \/>\n<link rel=\"canonical\" href=\"https:\/\/www.darrera.com\/es\/noticias\/instalaciones\/2023\/06\/darrera-instala-nueva-estacion-meteorologica-municipal-vantage-pro2-plus-santa-perpetua-mogoda\/\" \/>\n<meta property=\"og:locale\" content=\"es_ES\" \/>\n<meta property=\"og:type\" content=\"article\" \/>\n<meta property=\"og:title\" content=\"Darrera instala la nueva estaci\u00f3n meteorol\u00f3gica municipal Vantage Pro2 Plus de Santa Perp\u00e8tua de Mogoda | Darrera\" \/>\n<meta property=\"og:description\" content=\"Gracias a este proyecto, Santa Perp\u00e8tua de Mogoda se suma a la creciente red de municipios comprometidos en ofrecer informaci\u00f3n meteorol\u00f3gica local precisa y fiable a la ciudadan\u00eda.\" \/>\n<meta property=\"og:url\" content=\"https:\/\/www.darrera.com\/es\/noticias\/instalaciones\/2023\/06\/darrera-instala-nueva-estacion-meteorologica-municipal-vantage-pro2-plus-santa-perpetua-mogoda\/\" \/>\n<meta property=\"og:site_name\" content=\"Darrera\" \/>\n<meta property=\"article:publisher\" content=\"http:\/\/facebook.com\/darrerameteo\" \/>\n<meta property=\"article:published_time\" content=\"2023-06-21T17:39:43+00:00\" \/>\n<meta property=\"article:modified_time\" content=\"2023-06-22T09:31:20+00:00\" \/>\n<meta property=\"og:image\" content=\"https:\/\/www.darrera.com\/wp-content\/uploads\/2023\/06\/news-darrera-installs-new-vantage-pro2-plus-municipal-weather-station-santa-perpetua-mogoda.jpg\" \/>\n\t<meta property=\"og:image:width\" content=\"1170\" \/>\n\t<meta property=\"og:image:height\" content=\"750\" \/>\n\t<meta property=\"og:image:type\" content=\"image\/jpeg\" \/>\n<meta name=\"author\" content=\"Darrera\" \/>\n<meta name=\"twitter:card\" content=\"summary_large_image\" \/>\n<meta name=\"twitter:creator\" content=\"@darrera_meteo\" \/>\n<meta name=\"twitter:site\" content=\"@darrera_meteo\" \/>\n<meta name=\"twitter:label1\" content=\"Escrito por\" \/>\n\t<meta name=\"twitter:data1\" content=\"Darrera\" \/>\n\t<meta name=\"twitter:label2\" content=\"Tiempo de lectura\" \/>\n\t<meta name=\"twitter:data2\" content=\"1 minuto\" \/>\n<script type=\"application\/ld+json\" class=\"yoast-schema-graph\">{\"@context\":\"https:\\\/\\\/schema.org\",\"@graph\":[{\"@type\":\"Article\",\"@id\":\"https:\\\/\\\/www.darrera.com\\\/es\\\/noticias\\\/instalaciones\\\/2023\\\/06\\\/darrera-instala-nueva-estacion-meteorologica-municipal-vantage-pro2-plus-santa-perpetua-mogoda\\\/#article\",\"isPartOf\":{\"@id\":\"https:\\\/\\\/www.darrera.com\\\/es\\\/noticias\\\/instalaciones\\\/2023\\\/06\\\/darrera-instala-nueva-estacion-meteorologica-municipal-vantage-pro2-plus-santa-perpetua-mogoda\\\/\"},\"author\":{\"name\":\"Darrera\",\"@id\":\"https:\\\/\\\/www.darrera.com\\\/es\\\/#\\\/schema\\\/person\\\/1343a9301b7253ed15f0d1a69e15b220\"},\"headline\":\"Darrera instala la nueva estaci\u00f3n meteorol\u00f3gica municipal Vantage Pro2 Plus de Santa Perp\u00e8tua de Mogoda\",\"datePublished\":\"2023-06-21T17:39:43+00:00\",\"dateModified\":\"2023-06-22T09:31:20+00:00\",\"mainEntityOfPage\":{\"@id\":\"https:\\\/\\\/www.darrera.com\\\/es\\\/noticias\\\/instalaciones\\\/2023\\\/06\\\/darrera-instala-nueva-estacion-meteorologica-municipal-vantage-pro2-plus-santa-perpetua-mogoda\\\/\"},\"wordCount\":205,\"publisher\":{\"@id\":\"https:\\\/\\\/www.darrera.com\\\/es\\\/#organization\"},\"image\":{\"@id\":\"https:\\\/\\\/www.darrera.com\\\/es\\\/noticias\\\/instalaciones\\\/2023\\\/06\\\/darrera-instala-nueva-estacion-meteorologica-municipal-vantage-pro2-plus-santa-perpetua-mogoda\\\/#primaryimage\"},\"thumbnailUrl\":\"https:\\\/\\\/www.darrera.com\\\/wp-content\\\/uploads\\\/2023\\\/06\\\/news-darrera-installs-new-vantage-pro2-plus-municipal-weather-station-santa-perpetua-mogoda.jpg\",\"keywords\":[\"ayuntamiento\",\"davis instruments\",\"estaci\u00f3n meteorol\u00f3gica\",\"instalaci\u00f3n\",\"seguridad\"],\"articleSection\":[\"Instalaciones\"],\"inLanguage\":\"es\"},{\"@type\":\"WebPage\",\"@id\":\"https:\\\/\\\/www.darrera.com\\\/es\\\/noticias\\\/instalaciones\\\/2023\\\/06\\\/darrera-instala-nueva-estacion-meteorologica-municipal-vantage-pro2-plus-santa-perpetua-mogoda\\\/\",\"url\":\"https:\\\/\\\/www.darrera.com\\\/es\\\/noticias\\\/instalaciones\\\/2023\\\/06\\\/darrera-instala-nueva-estacion-meteorologica-municipal-vantage-pro2-plus-santa-perpetua-mogoda\\\/\",\"name\":\"Darrera instala la nueva estaci\u00f3n meteorol\u00f3gica municipal Vantage Pro2 Plus de Santa Perp\u00e8tua de Mogoda | Darrera\",\"isPartOf\":{\"@id\":\"https:\\\/\\\/www.darrera.com\\\/es\\\/#website\"},\"primaryImageOfPage\":{\"@id\":\"https:\\\/\\\/www.darrera.com\\\/es\\\/noticias\\\/instalaciones\\\/2023\\\/06\\\/darrera-instala-nueva-estacion-meteorologica-municipal-vantage-pro2-plus-santa-perpetua-mogoda\\\/#primaryimage\"},\"image\":{\"@id\":\"https:\\\/\\\/www.darrera.com\\\/es\\\/noticias\\\/instalaciones\\\/2023\\\/06\\\/darrera-instala-nueva-estacion-meteorologica-municipal-vantage-pro2-plus-santa-perpetua-mogoda\\\/#primaryimage\"},\"thumbnailUrl\":\"https:\\\/\\\/www.darrera.com\\\/wp-content\\\/uploads\\\/2023\\\/06\\\/news-darrera-installs-new-vantage-pro2-plus-municipal-weather-station-santa-perpetua-mogoda.jpg\",\"datePublished\":\"2023-06-21T17:39:43+00:00\",\"dateModified\":\"2023-06-22T09:31:20+00:00\",\"breadcrumb\":{\"@id\":\"https:\\\/\\\/www.darrera.com\\\/es\\\/noticias\\\/instalaciones\\\/2023\\\/06\\\/darrera-instala-nueva-estacion-meteorologica-municipal-vantage-pro2-plus-santa-perpetua-mogoda\\\/#breadcrumb\"},\"inLanguage\":\"es\",\"potentialAction\":[{\"@type\":\"ReadAction\",\"target\":[\"https:\\\/\\\/www.darrera.com\\\/es\\\/noticias\\\/instalaciones\\\/2023\\\/06\\\/darrera-instala-nueva-estacion-meteorologica-municipal-vantage-pro2-plus-santa-perpetua-mogoda\\\/\"]}]},{\"@type\":\"ImageObject\",\"inLanguage\":\"es\",\"@id\":\"https:\\\/\\\/www.darrera.com\\\/es\\\/noticias\\\/instalaciones\\\/2023\\\/06\\\/darrera-instala-nueva-estacion-meteorologica-municipal-vantage-pro2-plus-santa-perpetua-mogoda\\\/#primaryimage\",\"url\":\"https:\\\/\\\/www.darrera.com\\\/wp-content\\\/uploads\\\/2023\\\/06\\\/news-darrera-installs-new-vantage-pro2-plus-municipal-weather-station-santa-perpetua-mogoda.jpg\",\"contentUrl\":\"https:\\\/\\\/www.darrera.com\\\/wp-content\\\/uploads\\\/2023\\\/06\\\/news-darrera-installs-new-vantage-pro2-plus-municipal-weather-station-santa-perpetua-mogoda.jpg\",\"width\":1170,\"height\":750,\"caption\":\"Darrera instala la nueva estaci\u00f3n meteorol\u00f3gica municipal Vantage Pro2 Plus de Santa Perp\u00e8tua de Mogoda\"},{\"@type\":\"BreadcrumbList\",\"@id\":\"https:\\\/\\\/www.darrera.com\\\/es\\\/noticias\\\/instalaciones\\\/2023\\\/06\\\/darrera-instala-nueva-estacion-meteorologica-municipal-vantage-pro2-plus-santa-perpetua-mogoda\\\/#breadcrumb\",\"itemListElement\":[{\"@type\":\"ListItem\",\"position\":1,\"name\":\"Home\",\"item\":\"https:\\\/\\\/www.darrera.com\\\/es\\\/\"},{\"@type\":\"ListItem\",\"position\":2,\"name\":\"Darrera instala la nueva estaci\u00f3n meteorol\u00f3gica municipal Vantage Pro2 Plus de Santa Perp\u00e8tua de Mogoda\"}]},{\"@type\":\"WebSite\",\"@id\":\"https:\\\/\\\/www.darrera.com\\\/es\\\/#website\",\"url\":\"https:\\\/\\\/www.darrera.com\\\/es\\\/\",\"name\":\"Darrera\",\"description\":\"Instrumentos, soluciones y servicios meteorol\u00f3gicos\",\"publisher\":{\"@id\":\"https:\\\/\\\/www.darrera.com\\\/es\\\/#organization\"},\"potentialAction\":[{\"@type\":\"SearchAction\",\"target\":{\"@type\":\"EntryPoint\",\"urlTemplate\":\"https:\\\/\\\/www.darrera.com\\\/es\\\/?s={search_term_string}\"},\"query-input\":{\"@type\":\"PropertyValueSpecification\",\"valueRequired\":true,\"valueName\":\"search_term_string\"}}],\"inLanguage\":\"es\"},{\"@type\":\"Organization\",\"@id\":\"https:\\\/\\\/www.darrera.com\\\/es\\\/#organization\",\"name\":\"Darrera\",\"url\":\"https:\\\/\\\/www.darrera.com\\\/es\\\/\",\"logo\":{\"@type\":\"ImageObject\",\"inLanguage\":\"es\",\"@id\":\"https:\\\/\\\/www.darrera.com\\\/es\\\/#\\\/schema\\\/logo\\\/image\\\/\",\"url\":\"https:\\\/\\\/www.darrera.com\\\/wp\\\/wp-content\\\/uploads\\\/logo-darrera.png\",\"contentUrl\":\"https:\\\/\\\/www.darrera.com\\\/wp\\\/wp-content\\\/uploads\\\/logo-darrera.png\",\"width\":500,\"height\":85,\"caption\":\"Darrera\"},\"image\":{\"@id\":\"https:\\\/\\\/www.darrera.com\\\/es\\\/#\\\/schema\\\/logo\\\/image\\\/\"},\"sameAs\":[\"http:\\\/\\\/facebook.com\\\/darrerameteo\",\"https:\\\/\\\/x.com\\\/darrera_meteo\",\"https:\\\/\\\/www.linkedin.com\\\/company\\\/darrera-s-a-\",\"http:\\\/\\\/youtube.com\\\/darreratv\"]},{\"@type\":\"Person\",\"@id\":\"https:\\\/\\\/www.darrera.com\\\/es\\\/#\\\/schema\\\/person\\\/1343a9301b7253ed15f0d1a69e15b220\",\"name\":\"Darrera\",\"image\":{\"@type\":\"ImageObject\",\"inLanguage\":\"es\",\"@id\":\"https:\\\/\\\/secure.gravatar.com\\\/avatar\\\/33ff272113d47d151dae7e513c1e4307e28c4e2a7e87b05dba3e37ed4a070480?s=96&d=mm&r=g\",\"url\":\"https:\\\/\\\/secure.gravatar.com\\\/avatar\\\/33ff272113d47d151dae7e513c1e4307e28c4e2a7e87b05dba3e37ed4a070480?s=96&d=mm&r=g\",\"contentUrl\":\"https:\\\/\\\/secure.gravatar.com\\\/avatar\\\/33ff272113d47d151dae7e513c1e4307e28c4e2a7e87b05dba3e37ed4a070480?s=96&d=mm&r=g\",\"caption\":\"Darrera\"}}]}<\/script>\n<!-- \/ Yoast SEO plugin. -->","yoast_head_json":{"title":"Darrera instala la nueva estaci\u00f3n meteorol\u00f3gica municipal Vantage Pro2 Plus de Santa Perp\u00e8tua de Mogoda | Darrera","robots":{"index":"index","follow":"follow","max-snippet":"max-snippet:-1","max-image-preview":"max-image-preview:large","max-video-preview":"max-video-preview:-1"},"canonical":"https:\/\/www.darrera.com\/es\/noticias\/instalaciones\/2023\/06\/darrera-instala-nueva-estacion-meteorologica-municipal-vantage-pro2-plus-santa-perpetua-mogoda\/","og_locale":"es_ES","og_type":"article","og_title":"Darrera instala la nueva estaci\u00f3n meteorol\u00f3gica municipal Vantage Pro2 Plus de Santa Perp\u00e8tua de Mogoda | Darrera","og_description":"Gracias a este proyecto, Santa Perp\u00e8tua de Mogoda se suma a la creciente red de municipios comprometidos en ofrecer informaci\u00f3n meteorol\u00f3gica local precisa y fiable a la ciudadan\u00eda.","og_url":"https:\/\/www.darrera.com\/es\/noticias\/instalaciones\/2023\/06\/darrera-instala-nueva-estacion-meteorologica-municipal-vantage-pro2-plus-santa-perpetua-mogoda\/","og_site_name":"Darrera","article_publisher":"http:\/\/facebook.com\/darrerameteo","article_published_time":"2023-06-21T17:39:43+00:00","article_modified_time":"2023-06-22T09:31:20+00:00","og_image":[{"width":1170,"height":750,"url":"https:\/\/www.darrera.com\/wp-content\/uploads\/2023\/06\/news-darrera-installs-new-vantage-pro2-plus-municipal-weather-station-santa-perpetua-mogoda.jpg","type":"image\/jpeg"}],"author":"Darrera","twitter_card":"summary_large_image","twitter_creator":"@darrera_meteo","twitter_site":"@darrera_meteo","twitter_misc":{"Escrito por":"Darrera","Tiempo de lectura":"1 minuto"},"schema":{"@context":"https:\/\/schema.org","@graph":[{"@type":"Article","@id":"https:\/\/www.darrera.com\/es\/noticias\/instalaciones\/2023\/06\/darrera-instala-nueva-estacion-meteorologica-municipal-vantage-pro2-plus-santa-perpetua-mogoda\/#article","isPartOf":{"@id":"https:\/\/www.darrera.com\/es\/noticias\/instalaciones\/2023\/06\/darrera-instala-nueva-estacion-meteorologica-municipal-vantage-pro2-plus-santa-perpetua-mogoda\/"},"author":{"name":"Darrera","@id":"https:\/\/www.darrera.com\/es\/#\/schema\/person\/1343a9301b7253ed15f0d1a69e15b220"},"headline":"Darrera instala la nueva estaci\u00f3n meteorol\u00f3gica municipal Vantage Pro2 Plus de Santa Perp\u00e8tua de Mogoda","datePublished":"2023-06-21T17:39:43+00:00","dateModified":"2023-06-22T09:31:20+00:00","mainEntityOfPage":{"@id":"https:\/\/www.darrera.com\/es\/noticias\/instalaciones\/2023\/06\/darrera-instala-nueva-estacion-meteorologica-municipal-vantage-pro2-plus-santa-perpetua-mogoda\/"},"wordCount":205,"publisher":{"@id":"https:\/\/www.darrera.com\/es\/#organization"},"image":{"@id":"https:\/\/www.darrera.com\/es\/noticias\/instalaciones\/2023\/06\/darrera-instala-nueva-estacion-meteorologica-municipal-vantage-pro2-plus-santa-perpetua-mogoda\/#primaryimage"},"thumbnailUrl":"https:\/\/www.darrera.com\/wp-content\/uploads\/2023\/06\/news-darrera-installs-new-vantage-pro2-plus-municipal-weather-station-santa-perpetua-mogoda.jpg","keywords":["ayuntamiento","davis instruments","estaci\u00f3n meteorol\u00f3gica","instalaci\u00f3n","seguridad"],"articleSection":["Instalaciones"],"inLanguage":"es"},{"@type":"WebPage","@id":"https:\/\/www.darrera.com\/es\/noticias\/instalaciones\/2023\/06\/darrera-instala-nueva-estacion-meteorologica-municipal-vantage-pro2-plus-santa-perpetua-mogoda\/","url":"https:\/\/www.darrera.com\/es\/noticias\/instalaciones\/2023\/06\/darrera-instala-nueva-estacion-meteorologica-municipal-vantage-pro2-plus-santa-perpetua-mogoda\/","name":"Darrera instala la nueva estaci\u00f3n meteorol\u00f3gica municipal Vantage Pro2 Plus de Santa Perp\u00e8tua de Mogoda | Darrera","isPartOf":{"@id":"https:\/\/www.darrera.com\/es\/#website"},"primaryImageOfPage":{"@id":"https:\/\/www.darrera.com\/es\/noticias\/instalaciones\/2023\/06\/darrera-instala-nueva-estacion-meteorologica-municipal-vantage-pro2-plus-santa-perpetua-mogoda\/#primaryimage"},"image":{"@id":"https:\/\/www.darrera.com\/es\/noticias\/instalaciones\/2023\/06\/darrera-instala-nueva-estacion-meteorologica-municipal-vantage-pro2-plus-santa-perpetua-mogoda\/#primaryimage"},"thumbnailUrl":"https:\/\/www.darrera.com\/wp-content\/uploads\/2023\/06\/news-darrera-installs-new-vantage-pro2-plus-municipal-weather-station-santa-perpetua-mogoda.jpg","datePublished":"2023-06-21T17:39:43+00:00","dateModified":"2023-06-22T09:31:20+00:00","breadcrumb":{"@id":"https:\/\/www.darrera.com\/es\/noticias\/instalaciones\/2023\/06\/darrera-instala-nueva-estacion-meteorologica-municipal-vantage-pro2-plus-santa-perpetua-mogoda\/#breadcrumb"},"inLanguage":"es","potentialAction":[{"@type":"ReadAction","target":["https:\/\/www.darrera.com\/es\/noticias\/instalaciones\/2023\/06\/darrera-instala-nueva-estacion-meteorologica-municipal-vantage-pro2-plus-santa-perpetua-mogoda\/"]}]},{"@type":"ImageObject","inLanguage":"es","@id":"https:\/\/www.darrera.com\/es\/noticias\/instalaciones\/2023\/06\/darrera-instala-nueva-estacion-meteorologica-municipal-vantage-pro2-plus-santa-perpetua-mogoda\/#primaryimage","url":"https:\/\/www.darrera.com\/wp-content\/uploads\/2023\/06\/news-darrera-installs-new-vantage-pro2-plus-municipal-weather-station-santa-perpetua-mogoda.jpg","contentUrl":"https:\/\/www.darrera.com\/wp-content\/uploads\/2023\/06\/news-darrera-installs-new-vantage-pro2-plus-municipal-weather-station-santa-perpetua-mogoda.jpg","width":1170,"height":750,"caption":"Darrera instala la nueva estaci\u00f3n meteorol\u00f3gica municipal Vantage Pro2 Plus de Santa Perp\u00e8tua de Mogoda"},{"@type":"BreadcrumbList","@id":"https:\/\/www.darrera.com\/es\/noticias\/instalaciones\/2023\/06\/darrera-instala-nueva-estacion-meteorologica-municipal-vantage-pro2-plus-santa-perpetua-mogoda\/#breadcrumb","itemListElement":[{"@type":"ListItem","position":1,"name":"Home","item":"https:\/\/www.darrera.com\/es\/"},{"@type":"ListItem","position":2,"name":"Darrera instala la nueva estaci\u00f3n meteorol\u00f3gica municipal Vantage Pro2 Plus de Santa Perp\u00e8tua de Mogoda"}]},{"@type":"WebSite","@id":"https:\/\/www.darrera.com\/es\/#website","url":"https:\/\/www.darrera.com\/es\/","name":"Darrera","description":"Instrumentos, soluciones y servicios meteorol\u00f3gicos","publisher":{"@id":"https:\/\/www.darrera.com\/es\/#organization"},"potentialAction":[{"@type":"SearchAction","target":{"@type":"EntryPoint","urlTemplate":"https:\/\/www.darrera.com\/es\/?s={search_term_string}"},"query-input":{"@type":"PropertyValueSpecification","valueRequired":true,"valueName":"search_term_string"}}],"inLanguage":"es"},{"@type":"Organization","@id":"https:\/\/www.darrera.com\/es\/#organization","name":"Darrera","url":"https:\/\/www.darrera.com\/es\/","logo":{"@type":"ImageObject","inLanguage":"es","@id":"https:\/\/www.darrera.com\/es\/#\/schema\/logo\/image\/","url":"https:\/\/www.darrera.com\/wp\/wp-content\/uploads\/logo-darrera.png","contentUrl":"https:\/\/www.darrera.com\/wp\/wp-content\/uploads\/logo-darrera.png","width":500,"height":85,"caption":"Darrera"},"image":{"@id":"https:\/\/www.darrera.com\/es\/#\/schema\/logo\/image\/"},"sameAs":["http:\/\/facebook.com\/darrerameteo","https:\/\/x.com\/darrera_meteo","https:\/\/www.linkedin.com\/company\/darrera-s-a-","http:\/\/youtube.com\/darreratv"]},{"@type":"Person","@id":"https:\/\/www.darrera.com\/es\/#\/schema\/person\/1343a9301b7253ed15f0d1a69e15b220","name":"Darrera","image":{"@type":"ImageObject","inLanguage":"es","@id":"https:\/\/secure.gravatar.com\/avatar\/33ff272113d47d151dae7e513c1e4307e28c4e2a7e87b05dba3e37ed4a070480?s=96&d=mm&r=g","url":"https:\/\/secure.gravatar.com\/avatar\/33ff272113d47d151dae7e513c1e4307e28c4e2a7e87b05dba3e37ed4a070480?s=96&d=mm&r=g","contentUrl":"https:\/\/secure.gravatar.com\/avatar\/33ff272113d47d151dae7e513c1e4307e28c4e2a7e87b05dba3e37ed4a070480?s=96&d=mm&r=g","caption":"Darrera"}}]}},"_links":{"self":[{"href":"https:\/\/www.darrera.com\/es\/wp-json\/wp\/v2\/posts\/5577","targetHints":{"allow":["GET"]}}],"collection":[{"href":"https:\/\/www.darrera.com\/es\/wp-json\/wp\/v2\/posts"}],"about":[{"href":"https:\/\/www.darrera.com\/es\/wp-json\/wp\/v2\/types\/post"}],"author":[{"embeddable":true,"href":"https:\/\/www.darrera.com\/es\/wp-json\/wp\/v2\/users\/2"}],"replies":[{"embeddable":true,"href":"https:\/\/www.darrera.com\/es\/wp-json\/wp\/v2\/comments?post=5577"}],"version-history":[{"count":5,"href":"https:\/\/www.darrera.com\/es\/wp-json\/wp\/v2\/posts\/5577\/revisions"}],"predecessor-version":[{"id":5588,"href":"https:\/\/www.darrera.com\/es\/wp-json\/wp\/v2\/posts\/5577\/revisions\/5588"}],"wp:featuredmedia":[{"embeddable":true,"href":"https:\/\/www.darrera.com\/es\/wp-json\/wp\/v2\/media\/5580"}],"wp:attachment":[{"href":"https:\/\/www.darrera.com\/es\/wp-json\/wp\/v2\/media?parent=5577"}],"wp:term":[{"taxonomy":"category","embeddable":true,"href":"https:\/\/www.darrera.com\/es\/wp-json\/wp\/v2\/categories?post=5577"},{"taxonomy":"post_tag","embeddable":true,"href":"https:\/\/www.darrera.com\/es\/wp-json\/wp\/v2\/tags?post=5577"}],"curies":[{"name":"wp","href":"https:\/\/api.w.org\/{rel}","templated":true}]}}