{"id":5865,"date":"2024-04-17T13:29:22","date_gmt":"2024-04-17T11:29:22","guid":{"rendered":"https:\/\/www.darrera.com\/wp\/?p=5865"},"modified":"2024-04-17T13:41:21","modified_gmt":"2024-04-17T11:41:21","slug":"darrera-instala-estacion-meteorologica-vantage-pro2-sensor-adicional-calidad-aire-airlink-escuela-publica-miquel-marti-pol-sant-feliu-llobregat","status":"publish","type":"post","link":"https:\/\/www.darrera.com\/es\/noticias\/instalaciones\/2024\/04\/darrera-instala-estacion-meteorologica-vantage-pro2-sensor-adicional-calidad-aire-airlink-escuela-publica-miquel-marti-pol-sant-feliu-llobregat\/","title":{"rendered":"Darrera instala una estaci\u00f3n meteorol\u00f3gica Vantage Pro2 con sensor adicional de calidad del aire AirLink en la escuela p\u00fablica Miquel Mart\u00ed i Pol de Sant Feliu de Llobregat"},"content":{"rendered":"<h3>La nueva estaci\u00f3n brinda al alumnado la oportunidad de aprender de manera pr\u00e1ctica sobre conceptos meteorol\u00f3gicos y clim\u00e1ticos, a la vez que promueve la conciencia medioambiental y permite compartir los datos meteorol\u00f3gicos y de calidad del aire en tiempo real con la comunidad local a trav\u00e9s de la plataforma online WeatherLink.<\/h3>\n<p>La estaci\u00f3n Vantage Pro2 suministrada e instalada por Darrera est\u00e1 equipada con instrumental de precisi\u00f3n para medir la velocidad y direcci\u00f3n del viento, temperatura, humedad, precipitaci\u00f3n y presi\u00f3n atmosf\u00e9rica. Adem\u00e1s, dispone de un sensor de calidad del aire AirLink, que mide la concentraci\u00f3n de part\u00edculas PM1, PM2.5 y PM10. Esto es especialmente importante para alumnos con asma, alergias u otras afecciones respiratorias o card\u00edacas. El sistema se alimenta con energ\u00eda solar, lo que garantiza un funcionamiento totalmente aut\u00f3nomo, y env\u00eda los datos a la nube v\u00eda Wi-Fi para su monitorizaci\u00f3n y gesti\u00f3n en remoto.<\/p>\n<p>Contar con una estaci\u00f3n meteorol\u00f3gica en el centro educativo ofrece numerosas ventajas. Adem\u00e1s de fomentar el aprendizaje pr\u00e1ctico al permitir al alumnado observar el funcionamiento de los instrumentos y analizar los datos en la plataforma online, facilita la interdisciplinariedad al integrar \u00e1reas como ciencias, tecnolog\u00eda y matem\u00e1ticas en actividades educativas relacionadas. Asimismo, promueve la conciencia ambiental y permite establecer v\u00ednculos con la comunidad local al compartir los datos meteorol\u00f3gicos y de calidad del aire de forma p\u00fablica, contribuyendo as\u00ed al conocimiento cient\u00edfico en general.<\/p>\n","protected":false},"excerpt":{"rendered":"<p>La nueva estaci\u00f3n brinda al alumnado la oportunidad de aprender de manera pr\u00e1ctica sobre conceptos meteorol\u00f3gicos y clim\u00e1ticos, a la vez que promueve la conciencia medioambiental y permite compartir los datos meteorol\u00f3gicos y de calidad del aire en tiempo real con la comunidad local a trav\u00e9s de la plataforma online WeatherLink.<\/p>\n","protected":false},"author":2,"featured_media":5863,"comment_status":"closed","ping_status":"closed","sticky":false,"template":"","format":"standard","meta":{"footnotes":""},"categories":[59],"tags":[333,70,335,77],"class_list":["post-5865","post","type-post","status-publish","format-standard","has-post-thumbnail","hentry","category-instalaciones","tag-calidad-aire","tag-davis-instruments-es","tag-educacion","tag-instalacion"],"yoast_head":"<!-- This site is optimized with the Yoast SEO plugin v27.4 - https:\/\/yoast.com\/product\/yoast-seo-wordpress\/ -->\n<title>Darrera instala una estaci\u00f3n meteorol\u00f3gica Vantage Pro2 con sensor adicional de calidad del aire AirLink en la escuela p\u00fablica Miquel Mart\u00ed i Pol de Sant Feliu de Llobregat | Darrera<\/title>\n<meta name=\"robots\" content=\"index, follow, max-snippet:-1, max-image-preview:large, max-video-preview:-1\" \/>\n<link rel=\"canonical\" href=\"https:\/\/www.darrera.com\/es\/noticias\/instalaciones\/2024\/04\/darrera-instala-estacion-meteorologica-vantage-pro2-sensor-adicional-calidad-aire-airlink-escuela-publica-miquel-marti-pol-sant-feliu-llobregat\/\" \/>\n<meta property=\"og:locale\" content=\"es_ES\" \/>\n<meta property=\"og:type\" content=\"article\" \/>\n<meta property=\"og:title\" content=\"Darrera instala una estaci\u00f3n meteorol\u00f3gica Vantage Pro2 con sensor adicional de calidad del aire AirLink en la escuela p\u00fablica Miquel Mart\u00ed i Pol de Sant Feliu de Llobregat | Darrera\" \/>\n<meta property=\"og:description\" content=\"La nueva estaci\u00f3n brinda al alumnado la oportunidad de aprender de manera pr\u00e1ctica sobre conceptos meteorol\u00f3gicos y clim\u00e1ticos, a la vez que promueve la conciencia medioambiental y permite compartir los datos meteorol\u00f3gicos y de calidad del aire en tiempo real con la comunidad local a trav\u00e9s de la plataforma online WeatherLink.\" \/>\n<meta property=\"og:url\" content=\"https:\/\/www.darrera.com\/es\/noticias\/instalaciones\/2024\/04\/darrera-instala-estacion-meteorologica-vantage-pro2-sensor-adicional-calidad-aire-airlink-escuela-publica-miquel-marti-pol-sant-feliu-llobregat\/\" \/>\n<meta property=\"og:site_name\" content=\"Darrera\" \/>\n<meta property=\"article:publisher\" content=\"http:\/\/facebook.com\/darrerameteo\" \/>\n<meta property=\"article:published_time\" content=\"2024-04-17T11:29:22+00:00\" \/>\n<meta property=\"article:modified_time\" content=\"2024-04-17T11:41:21+00:00\" \/>\n<meta property=\"og:image\" content=\"https:\/\/www.darrera.com\/wp-content\/uploads\/2024\/04\/news-darrera-installs-vantage-pro2-weather-station-additional-airlink-air-quality-sensor-miquel-marti-pol-public-school-sant-feliu-llobregat.jpg\" \/>\n\t<meta property=\"og:image:width\" content=\"1170\" \/>\n\t<meta property=\"og:image:height\" content=\"750\" \/>\n\t<meta property=\"og:image:type\" content=\"image\/jpeg\" \/>\n<meta name=\"author\" content=\"Darrera\" \/>\n<meta name=\"twitter:card\" content=\"summary_large_image\" \/>\n<meta name=\"twitter:creator\" content=\"@darrera_meteo\" \/>\n<meta name=\"twitter:site\" content=\"@darrera_meteo\" \/>\n<meta name=\"twitter:label1\" content=\"Escrito por\" \/>\n\t<meta name=\"twitter:data1\" content=\"Darrera\" \/>\n\t<meta name=\"twitter:label2\" content=\"Tiempo de lectura\" \/>\n\t<meta name=\"twitter:data2\" content=\"1 minuto\" \/>\n<script type=\"application\/ld+json\" class=\"yoast-schema-graph\">{\"@context\":\"https:\\\/\\\/schema.org\",\"@graph\":[{\"@type\":\"Article\",\"@id\":\"https:\\\/\\\/www.darrera.com\\\/es\\\/noticias\\\/instalaciones\\\/2024\\\/04\\\/darrera-instala-estacion-meteorologica-vantage-pro2-sensor-adicional-calidad-aire-airlink-escuela-publica-miquel-marti-pol-sant-feliu-llobregat\\\/#article\",\"isPartOf\":{\"@id\":\"https:\\\/\\\/www.darrera.com\\\/es\\\/noticias\\\/instalaciones\\\/2024\\\/04\\\/darrera-instala-estacion-meteorologica-vantage-pro2-sensor-adicional-calidad-aire-airlink-escuela-publica-miquel-marti-pol-sant-feliu-llobregat\\\/\"},\"author\":{\"name\":\"Darrera\",\"@id\":\"https:\\\/\\\/www.darrera.com\\\/es\\\/#\\\/schema\\\/person\\\/1343a9301b7253ed15f0d1a69e15b220\"},\"headline\":\"Darrera instala una estaci\u00f3n meteorol\u00f3gica Vantage Pro2 con sensor adicional de calidad del aire AirLink en la escuela p\u00fablica Miquel Mart\u00ed i Pol de Sant Feliu de Llobregat\",\"datePublished\":\"2024-04-17T11:29:22+00:00\",\"dateModified\":\"2024-04-17T11:41:21+00:00\",\"mainEntityOfPage\":{\"@id\":\"https:\\\/\\\/www.darrera.com\\\/es\\\/noticias\\\/instalaciones\\\/2024\\\/04\\\/darrera-instala-estacion-meteorologica-vantage-pro2-sensor-adicional-calidad-aire-airlink-escuela-publica-miquel-marti-pol-sant-feliu-llobregat\\\/\"},\"wordCount\":292,\"publisher\":{\"@id\":\"https:\\\/\\\/www.darrera.com\\\/es\\\/#organization\"},\"image\":{\"@id\":\"https:\\\/\\\/www.darrera.com\\\/es\\\/noticias\\\/instalaciones\\\/2024\\\/04\\\/darrera-instala-estacion-meteorologica-vantage-pro2-sensor-adicional-calidad-aire-airlink-escuela-publica-miquel-marti-pol-sant-feliu-llobregat\\\/#primaryimage\"},\"thumbnailUrl\":\"https:\\\/\\\/www.darrera.com\\\/wp-content\\\/uploads\\\/2024\\\/04\\\/news-darrera-installs-vantage-pro2-weather-station-additional-airlink-air-quality-sensor-miquel-marti-pol-public-school-sant-feliu-llobregat.jpg\",\"keywords\":[\"calidad del aire\",\"davis instruments\",\"educaci\u00f3n\",\"instalaci\u00f3n\"],\"articleSection\":[\"Instalaciones\"],\"inLanguage\":\"es\"},{\"@type\":\"WebPage\",\"@id\":\"https:\\\/\\\/www.darrera.com\\\/es\\\/noticias\\\/instalaciones\\\/2024\\\/04\\\/darrera-instala-estacion-meteorologica-vantage-pro2-sensor-adicional-calidad-aire-airlink-escuela-publica-miquel-marti-pol-sant-feliu-llobregat\\\/\",\"url\":\"https:\\\/\\\/www.darrera.com\\\/es\\\/noticias\\\/instalaciones\\\/2024\\\/04\\\/darrera-instala-estacion-meteorologica-vantage-pro2-sensor-adicional-calidad-aire-airlink-escuela-publica-miquel-marti-pol-sant-feliu-llobregat\\\/\",\"name\":\"Darrera instala una estaci\u00f3n meteorol\u00f3gica Vantage Pro2 con sensor adicional de calidad del aire AirLink en la escuela p\u00fablica Miquel Mart\u00ed i Pol de Sant Feliu de Llobregat | Darrera\",\"isPartOf\":{\"@id\":\"https:\\\/\\\/www.darrera.com\\\/es\\\/#website\"},\"primaryImageOfPage\":{\"@id\":\"https:\\\/\\\/www.darrera.com\\\/es\\\/noticias\\\/instalaciones\\\/2024\\\/04\\\/darrera-instala-estacion-meteorologica-vantage-pro2-sensor-adicional-calidad-aire-airlink-escuela-publica-miquel-marti-pol-sant-feliu-llobregat\\\/#primaryimage\"},\"image\":{\"@id\":\"https:\\\/\\\/www.darrera.com\\\/es\\\/noticias\\\/instalaciones\\\/2024\\\/04\\\/darrera-instala-estacion-meteorologica-vantage-pro2-sensor-adicional-calidad-aire-airlink-escuela-publica-miquel-marti-pol-sant-feliu-llobregat\\\/#primaryimage\"},\"thumbnailUrl\":\"https:\\\/\\\/www.darrera.com\\\/wp-content\\\/uploads\\\/2024\\\/04\\\/news-darrera-installs-vantage-pro2-weather-station-additional-airlink-air-quality-sensor-miquel-marti-pol-public-school-sant-feliu-llobregat.jpg\",\"datePublished\":\"2024-04-17T11:29:22+00:00\",\"dateModified\":\"2024-04-17T11:41:21+00:00\",\"breadcrumb\":{\"@id\":\"https:\\\/\\\/www.darrera.com\\\/es\\\/noticias\\\/instalaciones\\\/2024\\\/04\\\/darrera-instala-estacion-meteorologica-vantage-pro2-sensor-adicional-calidad-aire-airlink-escuela-publica-miquel-marti-pol-sant-feliu-llobregat\\\/#breadcrumb\"},\"inLanguage\":\"es\",\"potentialAction\":[{\"@type\":\"ReadAction\",\"target\":[\"https:\\\/\\\/www.darrera.com\\\/es\\\/noticias\\\/instalaciones\\\/2024\\\/04\\\/darrera-instala-estacion-meteorologica-vantage-pro2-sensor-adicional-calidad-aire-airlink-escuela-publica-miquel-marti-pol-sant-feliu-llobregat\\\/\"]}]},{\"@type\":\"ImageObject\",\"inLanguage\":\"es\",\"@id\":\"https:\\\/\\\/www.darrera.com\\\/es\\\/noticias\\\/instalaciones\\\/2024\\\/04\\\/darrera-instala-estacion-meteorologica-vantage-pro2-sensor-adicional-calidad-aire-airlink-escuela-publica-miquel-marti-pol-sant-feliu-llobregat\\\/#primaryimage\",\"url\":\"https:\\\/\\\/www.darrera.com\\\/wp-content\\\/uploads\\\/2024\\\/04\\\/news-darrera-installs-vantage-pro2-weather-station-additional-airlink-air-quality-sensor-miquel-marti-pol-public-school-sant-feliu-llobregat.jpg\",\"contentUrl\":\"https:\\\/\\\/www.darrera.com\\\/wp-content\\\/uploads\\\/2024\\\/04\\\/news-darrera-installs-vantage-pro2-weather-station-additional-airlink-air-quality-sensor-miquel-marti-pol-public-school-sant-feliu-llobregat.jpg\",\"width\":1170,\"height\":750,\"caption\":\"Darrera instala una estaci\u00f3n meteorol\u00f3gica Vantage Pro2 con sensor adicional de calidad del aire AirLink en la escuela p\u00fablica Miquel Mart\u00ed i Pol de Sant Feliu de Llobregat\"},{\"@type\":\"BreadcrumbList\",\"@id\":\"https:\\\/\\\/www.darrera.com\\\/es\\\/noticias\\\/instalaciones\\\/2024\\\/04\\\/darrera-instala-estacion-meteorologica-vantage-pro2-sensor-adicional-calidad-aire-airlink-escuela-publica-miquel-marti-pol-sant-feliu-llobregat\\\/#breadcrumb\",\"itemListElement\":[{\"@type\":\"ListItem\",\"position\":1,\"name\":\"Home\",\"item\":\"https:\\\/\\\/www.darrera.com\\\/es\\\/\"},{\"@type\":\"ListItem\",\"position\":2,\"name\":\"Darrera instala una estaci\u00f3n meteorol\u00f3gica Vantage Pro2 con sensor adicional de calidad del aire AirLink en la escuela p\u00fablica Miquel Mart\u00ed i Pol de Sant Feliu de Llobregat\"}]},{\"@type\":\"WebSite\",\"@id\":\"https:\\\/\\\/www.darrera.com\\\/es\\\/#website\",\"url\":\"https:\\\/\\\/www.darrera.com\\\/es\\\/\",\"name\":\"Darrera\",\"description\":\"Instrumentos, soluciones y servicios meteorol\u00f3gicos\",\"publisher\":{\"@id\":\"https:\\\/\\\/www.darrera.com\\\/es\\\/#organization\"},\"potentialAction\":[{\"@type\":\"SearchAction\",\"target\":{\"@type\":\"EntryPoint\",\"urlTemplate\":\"https:\\\/\\\/www.darrera.com\\\/es\\\/?s={search_term_string}\"},\"query-input\":{\"@type\":\"PropertyValueSpecification\",\"valueRequired\":true,\"valueName\":\"search_term_string\"}}],\"inLanguage\":\"es\"},{\"@type\":\"Organization\",\"@id\":\"https:\\\/\\\/www.darrera.com\\\/es\\\/#organization\",\"name\":\"Darrera\",\"url\":\"https:\\\/\\\/www.darrera.com\\\/es\\\/\",\"logo\":{\"@type\":\"ImageObject\",\"inLanguage\":\"es\",\"@id\":\"https:\\\/\\\/www.darrera.com\\\/es\\\/#\\\/schema\\\/logo\\\/image\\\/\",\"url\":\"https:\\\/\\\/www.darrera.com\\\/wp\\\/wp-content\\\/uploads\\\/logo-darrera.png\",\"contentUrl\":\"https:\\\/\\\/www.darrera.com\\\/wp\\\/wp-content\\\/uploads\\\/logo-darrera.png\",\"width\":500,\"height\":85,\"caption\":\"Darrera\"},\"image\":{\"@id\":\"https:\\\/\\\/www.darrera.com\\\/es\\\/#\\\/schema\\\/logo\\\/image\\\/\"},\"sameAs\":[\"http:\\\/\\\/facebook.com\\\/darrerameteo\",\"https:\\\/\\\/x.com\\\/darrera_meteo\",\"https:\\\/\\\/www.linkedin.com\\\/company\\\/darrera-s-a-\",\"http:\\\/\\\/youtube.com\\\/darreratv\"]},{\"@type\":\"Person\",\"@id\":\"https:\\\/\\\/www.darrera.com\\\/es\\\/#\\\/schema\\\/person\\\/1343a9301b7253ed15f0d1a69e15b220\",\"name\":\"Darrera\",\"image\":{\"@type\":\"ImageObject\",\"inLanguage\":\"es\",\"@id\":\"https:\\\/\\\/secure.gravatar.com\\\/avatar\\\/33ff272113d47d151dae7e513c1e4307e28c4e2a7e87b05dba3e37ed4a070480?s=96&d=mm&r=g\",\"url\":\"https:\\\/\\\/secure.gravatar.com\\\/avatar\\\/33ff272113d47d151dae7e513c1e4307e28c4e2a7e87b05dba3e37ed4a070480?s=96&d=mm&r=g\",\"contentUrl\":\"https:\\\/\\\/secure.gravatar.com\\\/avatar\\\/33ff272113d47d151dae7e513c1e4307e28c4e2a7e87b05dba3e37ed4a070480?s=96&d=mm&r=g\",\"caption\":\"Darrera\"}}]}<\/script>\n<!-- \/ Yoast SEO plugin. -->","yoast_head_json":{"title":"Darrera instala una estaci\u00f3n meteorol\u00f3gica Vantage Pro2 con sensor adicional de calidad del aire AirLink en la escuela p\u00fablica Miquel Mart\u00ed i Pol de Sant Feliu de Llobregat | Darrera","robots":{"index":"index","follow":"follow","max-snippet":"max-snippet:-1","max-image-preview":"max-image-preview:large","max-video-preview":"max-video-preview:-1"},"canonical":"https:\/\/www.darrera.com\/es\/noticias\/instalaciones\/2024\/04\/darrera-instala-estacion-meteorologica-vantage-pro2-sensor-adicional-calidad-aire-airlink-escuela-publica-miquel-marti-pol-sant-feliu-llobregat\/","og_locale":"es_ES","og_type":"article","og_title":"Darrera instala una estaci\u00f3n meteorol\u00f3gica Vantage Pro2 con sensor adicional de calidad del aire AirLink en la escuela p\u00fablica Miquel Mart\u00ed i Pol de Sant Feliu de Llobregat | Darrera","og_description":"La nueva estaci\u00f3n brinda al alumnado la oportunidad de aprender de manera pr\u00e1ctica sobre conceptos meteorol\u00f3gicos y clim\u00e1ticos, a la vez que promueve la conciencia medioambiental y permite compartir los datos meteorol\u00f3gicos y de calidad del aire en tiempo real con la comunidad local a trav\u00e9s de la plataforma online WeatherLink.","og_url":"https:\/\/www.darrera.com\/es\/noticias\/instalaciones\/2024\/04\/darrera-instala-estacion-meteorologica-vantage-pro2-sensor-adicional-calidad-aire-airlink-escuela-publica-miquel-marti-pol-sant-feliu-llobregat\/","og_site_name":"Darrera","article_publisher":"http:\/\/facebook.com\/darrerameteo","article_published_time":"2024-04-17T11:29:22+00:00","article_modified_time":"2024-04-17T11:41:21+00:00","og_image":[{"width":1170,"height":750,"url":"https:\/\/www.darrera.com\/wp-content\/uploads\/2024\/04\/news-darrera-installs-vantage-pro2-weather-station-additional-airlink-air-quality-sensor-miquel-marti-pol-public-school-sant-feliu-llobregat.jpg","type":"image\/jpeg"}],"author":"Darrera","twitter_card":"summary_large_image","twitter_creator":"@darrera_meteo","twitter_site":"@darrera_meteo","twitter_misc":{"Escrito por":"Darrera","Tiempo de lectura":"1 minuto"},"schema":{"@context":"https:\/\/schema.org","@graph":[{"@type":"Article","@id":"https:\/\/www.darrera.com\/es\/noticias\/instalaciones\/2024\/04\/darrera-instala-estacion-meteorologica-vantage-pro2-sensor-adicional-calidad-aire-airlink-escuela-publica-miquel-marti-pol-sant-feliu-llobregat\/#article","isPartOf":{"@id":"https:\/\/www.darrera.com\/es\/noticias\/instalaciones\/2024\/04\/darrera-instala-estacion-meteorologica-vantage-pro2-sensor-adicional-calidad-aire-airlink-escuela-publica-miquel-marti-pol-sant-feliu-llobregat\/"},"author":{"name":"Darrera","@id":"https:\/\/www.darrera.com\/es\/#\/schema\/person\/1343a9301b7253ed15f0d1a69e15b220"},"headline":"Darrera instala una estaci\u00f3n meteorol\u00f3gica Vantage Pro2 con sensor adicional de calidad del aire AirLink en la escuela p\u00fablica Miquel Mart\u00ed i Pol de Sant Feliu de Llobregat","datePublished":"2024-04-17T11:29:22+00:00","dateModified":"2024-04-17T11:41:21+00:00","mainEntityOfPage":{"@id":"https:\/\/www.darrera.com\/es\/noticias\/instalaciones\/2024\/04\/darrera-instala-estacion-meteorologica-vantage-pro2-sensor-adicional-calidad-aire-airlink-escuela-publica-miquel-marti-pol-sant-feliu-llobregat\/"},"wordCount":292,"publisher":{"@id":"https:\/\/www.darrera.com\/es\/#organization"},"image":{"@id":"https:\/\/www.darrera.com\/es\/noticias\/instalaciones\/2024\/04\/darrera-instala-estacion-meteorologica-vantage-pro2-sensor-adicional-calidad-aire-airlink-escuela-publica-miquel-marti-pol-sant-feliu-llobregat\/#primaryimage"},"thumbnailUrl":"https:\/\/www.darrera.com\/wp-content\/uploads\/2024\/04\/news-darrera-installs-vantage-pro2-weather-station-additional-airlink-air-quality-sensor-miquel-marti-pol-public-school-sant-feliu-llobregat.jpg","keywords":["calidad del aire","davis instruments","educaci\u00f3n","instalaci\u00f3n"],"articleSection":["Instalaciones"],"inLanguage":"es"},{"@type":"WebPage","@id":"https:\/\/www.darrera.com\/es\/noticias\/instalaciones\/2024\/04\/darrera-instala-estacion-meteorologica-vantage-pro2-sensor-adicional-calidad-aire-airlink-escuela-publica-miquel-marti-pol-sant-feliu-llobregat\/","url":"https:\/\/www.darrera.com\/es\/noticias\/instalaciones\/2024\/04\/darrera-instala-estacion-meteorologica-vantage-pro2-sensor-adicional-calidad-aire-airlink-escuela-publica-miquel-marti-pol-sant-feliu-llobregat\/","name":"Darrera instala una estaci\u00f3n meteorol\u00f3gica Vantage Pro2 con sensor adicional de calidad del aire AirLink en la escuela p\u00fablica Miquel Mart\u00ed i Pol de Sant Feliu de Llobregat | Darrera","isPartOf":{"@id":"https:\/\/www.darrera.com\/es\/#website"},"primaryImageOfPage":{"@id":"https:\/\/www.darrera.com\/es\/noticias\/instalaciones\/2024\/04\/darrera-instala-estacion-meteorologica-vantage-pro2-sensor-adicional-calidad-aire-airlink-escuela-publica-miquel-marti-pol-sant-feliu-llobregat\/#primaryimage"},"image":{"@id":"https:\/\/www.darrera.com\/es\/noticias\/instalaciones\/2024\/04\/darrera-instala-estacion-meteorologica-vantage-pro2-sensor-adicional-calidad-aire-airlink-escuela-publica-miquel-marti-pol-sant-feliu-llobregat\/#primaryimage"},"thumbnailUrl":"https:\/\/www.darrera.com\/wp-content\/uploads\/2024\/04\/news-darrera-installs-vantage-pro2-weather-station-additional-airlink-air-quality-sensor-miquel-marti-pol-public-school-sant-feliu-llobregat.jpg","datePublished":"2024-04-17T11:29:22+00:00","dateModified":"2024-04-17T11:41:21+00:00","breadcrumb":{"@id":"https:\/\/www.darrera.com\/es\/noticias\/instalaciones\/2024\/04\/darrera-instala-estacion-meteorologica-vantage-pro2-sensor-adicional-calidad-aire-airlink-escuela-publica-miquel-marti-pol-sant-feliu-llobregat\/#breadcrumb"},"inLanguage":"es","potentialAction":[{"@type":"ReadAction","target":["https:\/\/www.darrera.com\/es\/noticias\/instalaciones\/2024\/04\/darrera-instala-estacion-meteorologica-vantage-pro2-sensor-adicional-calidad-aire-airlink-escuela-publica-miquel-marti-pol-sant-feliu-llobregat\/"]}]},{"@type":"ImageObject","inLanguage":"es","@id":"https:\/\/www.darrera.com\/es\/noticias\/instalaciones\/2024\/04\/darrera-instala-estacion-meteorologica-vantage-pro2-sensor-adicional-calidad-aire-airlink-escuela-publica-miquel-marti-pol-sant-feliu-llobregat\/#primaryimage","url":"https:\/\/www.darrera.com\/wp-content\/uploads\/2024\/04\/news-darrera-installs-vantage-pro2-weather-station-additional-airlink-air-quality-sensor-miquel-marti-pol-public-school-sant-feliu-llobregat.jpg","contentUrl":"https:\/\/www.darrera.com\/wp-content\/uploads\/2024\/04\/news-darrera-installs-vantage-pro2-weather-station-additional-airlink-air-quality-sensor-miquel-marti-pol-public-school-sant-feliu-llobregat.jpg","width":1170,"height":750,"caption":"Darrera instala una estaci\u00f3n meteorol\u00f3gica Vantage Pro2 con sensor adicional de calidad del aire AirLink en la escuela p\u00fablica Miquel Mart\u00ed i Pol de Sant Feliu de Llobregat"},{"@type":"BreadcrumbList","@id":"https:\/\/www.darrera.com\/es\/noticias\/instalaciones\/2024\/04\/darrera-instala-estacion-meteorologica-vantage-pro2-sensor-adicional-calidad-aire-airlink-escuela-publica-miquel-marti-pol-sant-feliu-llobregat\/#breadcrumb","itemListElement":[{"@type":"ListItem","position":1,"name":"Home","item":"https:\/\/www.darrera.com\/es\/"},{"@type":"ListItem","position":2,"name":"Darrera instala una estaci\u00f3n meteorol\u00f3gica Vantage Pro2 con sensor adicional de calidad del aire AirLink en la escuela p\u00fablica Miquel Mart\u00ed i Pol de Sant Feliu de Llobregat"}]},{"@type":"WebSite","@id":"https:\/\/www.darrera.com\/es\/#website","url":"https:\/\/www.darrera.com\/es\/","name":"Darrera","description":"Instrumentos, soluciones y servicios meteorol\u00f3gicos","publisher":{"@id":"https:\/\/www.darrera.com\/es\/#organization"},"potentialAction":[{"@type":"SearchAction","target":{"@type":"EntryPoint","urlTemplate":"https:\/\/www.darrera.com\/es\/?s={search_term_string}"},"query-input":{"@type":"PropertyValueSpecification","valueRequired":true,"valueName":"search_term_string"}}],"inLanguage":"es"},{"@type":"Organization","@id":"https:\/\/www.darrera.com\/es\/#organization","name":"Darrera","url":"https:\/\/www.darrera.com\/es\/","logo":{"@type":"ImageObject","inLanguage":"es","@id":"https:\/\/www.darrera.com\/es\/#\/schema\/logo\/image\/","url":"https:\/\/www.darrera.com\/wp\/wp-content\/uploads\/logo-darrera.png","contentUrl":"https:\/\/www.darrera.com\/wp\/wp-content\/uploads\/logo-darrera.png","width":500,"height":85,"caption":"Darrera"},"image":{"@id":"https:\/\/www.darrera.com\/es\/#\/schema\/logo\/image\/"},"sameAs":["http:\/\/facebook.com\/darrerameteo","https:\/\/x.com\/darrera_meteo","https:\/\/www.linkedin.com\/company\/darrera-s-a-","http:\/\/youtube.com\/darreratv"]},{"@type":"Person","@id":"https:\/\/www.darrera.com\/es\/#\/schema\/person\/1343a9301b7253ed15f0d1a69e15b220","name":"Darrera","image":{"@type":"ImageObject","inLanguage":"es","@id":"https:\/\/secure.gravatar.com\/avatar\/33ff272113d47d151dae7e513c1e4307e28c4e2a7e87b05dba3e37ed4a070480?s=96&d=mm&r=g","url":"https:\/\/secure.gravatar.com\/avatar\/33ff272113d47d151dae7e513c1e4307e28c4e2a7e87b05dba3e37ed4a070480?s=96&d=mm&r=g","contentUrl":"https:\/\/secure.gravatar.com\/avatar\/33ff272113d47d151dae7e513c1e4307e28c4e2a7e87b05dba3e37ed4a070480?s=96&d=mm&r=g","caption":"Darrera"}}]}},"_links":{"self":[{"href":"https:\/\/www.darrera.com\/es\/wp-json\/wp\/v2\/posts\/5865","targetHints":{"allow":["GET"]}}],"collection":[{"href":"https:\/\/www.darrera.com\/es\/wp-json\/wp\/v2\/posts"}],"about":[{"href":"https:\/\/www.darrera.com\/es\/wp-json\/wp\/v2\/types\/post"}],"author":[{"embeddable":true,"href":"https:\/\/www.darrera.com\/es\/wp-json\/wp\/v2\/users\/2"}],"replies":[{"embeddable":true,"href":"https:\/\/www.darrera.com\/es\/wp-json\/wp\/v2\/comments?post=5865"}],"version-history":[{"count":3,"href":"https:\/\/www.darrera.com\/es\/wp-json\/wp\/v2\/posts\/5865\/revisions"}],"predecessor-version":[{"id":5868,"href":"https:\/\/www.darrera.com\/es\/wp-json\/wp\/v2\/posts\/5865\/revisions\/5868"}],"wp:featuredmedia":[{"embeddable":true,"href":"https:\/\/www.darrera.com\/es\/wp-json\/wp\/v2\/media\/5863"}],"wp:attachment":[{"href":"https:\/\/www.darrera.com\/es\/wp-json\/wp\/v2\/media?parent=5865"}],"wp:term":[{"taxonomy":"category","embeddable":true,"href":"https:\/\/www.darrera.com\/es\/wp-json\/wp\/v2\/categories?post=5865"},{"taxonomy":"post_tag","embeddable":true,"href":"https:\/\/www.darrera.com\/es\/wp-json\/wp\/v2\/tags?post=5865"}],"curies":[{"name":"wp","href":"https:\/\/api.w.org\/{rel}","templated":true}]}}