{"id":5913,"date":"2024-05-17T18:12:48","date_gmt":"2024-05-17T16:12:48","guid":{"rendered":"https:\/\/www.darrera.com\/?p=5913"},"modified":"2024-05-17T18:34:48","modified_gmt":"2024-05-17T16:34:48","slug":"vila-seca-cuenta-nueva-estacion-meteorologica-municipal-vantage-pro2-plus-integrada-weathercloud-sentilo","status":"publish","type":"post","link":"https:\/\/www.darrera.com\/es\/noticias\/instalaciones\/2024\/05\/vila-seca-cuenta-nueva-estacion-meteorologica-municipal-vantage-pro2-plus-integrada-weathercloud-sentilo\/","title":{"rendered":"Vila-seca cuenta con una nueva estaci\u00f3n meteorol\u00f3gica municipal Vantage Pro2 Plus integrada en Weathercloud y Sentilo"},"content":{"rendered":"<h3>La nueva estaci\u00f3n registra los principales par\u00e1metros meteorol\u00f3gicos y env\u00eda los datos en remoto a las plataformas online Weathercloud y Sentilo, permitiendo su consulta por parte del Ayuntamiento y de la ciudadan\u00eda en general, as\u00ed como su integraci\u00f3n en los sistemas de gesti\u00f3n urbana del municipio.<\/h3>\n<p>Este proyecto, resultado de la colaboraci\u00f3n entre Darrera y Nexus Geographics, sit\u00faa a Vila-seca en la creciente red de municipios comprometidos con ofrecer informaci\u00f3n meteorol\u00f3gica local precisa y accesible para todos. Ubicada estrat\u00e9gicamente en el edificio del Conservatori de M\u00fasica, la nueva estaci\u00f3n se alimenta con energ\u00eda solar para un funcionamiento totalmente aut\u00f3nomo basado en energ\u00edas renovables y est\u00e1 equipada con sensores para medir la velocidad y direcci\u00f3n del viento, la temperatura, la humedad, la precipitaci\u00f3n, la presi\u00f3n atmosf\u00e9rica y la radiaci\u00f3n solar. Adem\u00e1s, calcula distintos par\u00e1metros derivados como son el punto de roc\u00edo, la temperatura de sensaci\u00f3n, el \u00edndice de calor, las horas de sol y la evapotranspiraci\u00f3n.<\/p>\n<p>Gracias al sistema de comunicaci\u00f3n EnviroMonitor 4G equipado por la estaci\u00f3n, los datos se comparten en tiempo real en la red meteorol\u00f3gica mundial Weathercloud, donde cualquier persona puede consultarlos desde un ordenador, tableta o smartphone. Adicionalmente, los datos se env\u00edan a la plataforma para smart cities Sentilo. La inclusi\u00f3n de Sentilo ampl\u00eda a\u00fan m\u00e1s las posibilidades de uso de los datos meteorol\u00f3gicos, permitiendo su integraci\u00f3n en sistemas de gesti\u00f3n urbana y facilitando la toma de decisiones informadas por parte de las autoridades locales.<\/p>\n","protected":false},"excerpt":{"rendered":"<p>La nueva estaci\u00f3n registra los principales par\u00e1metros meteorol\u00f3gicos y env\u00eda los datos en remoto a las plataformas online Weathercloud y Sentilo, permitiendo su consulta por parte del Ayuntamiento y de la ciudadan\u00eda en general, as\u00ed como su integraci\u00f3n en los sistemas de gesti\u00f3n urbana del municipio.<\/p>\n","protected":false},"author":2,"featured_media":5911,"comment_status":"closed","ping_status":"closed","sticky":false,"template":"","format":"standard","meta":{"footnotes":""},"categories":[59],"tags":[243,369,103,373],"class_list":["post-5913","post","type-post","status-publish","format-standard","has-post-thumbnail","hentry","category-instalaciones","tag-ayuntamiento","tag-ciudades-inteligentes","tag-estacion-meteorologica","tag-sentilo-es"],"yoast_head":"<!-- This site is optimized with the Yoast SEO plugin v27.4 - https:\/\/yoast.com\/product\/yoast-seo-wordpress\/ -->\n<title>Vila-seca cuenta con una nueva estaci\u00f3n meteorol\u00f3gica municipal Vantage Pro2 Plus integrada en Weathercloud y Sentilo | Darrera<\/title>\n<meta name=\"robots\" content=\"index, follow, max-snippet:-1, max-image-preview:large, max-video-preview:-1\" \/>\n<link rel=\"canonical\" href=\"https:\/\/www.darrera.com\/es\/noticias\/instalaciones\/2024\/05\/vila-seca-cuenta-nueva-estacion-meteorologica-municipal-vantage-pro2-plus-integrada-weathercloud-sentilo\/\" \/>\n<meta property=\"og:locale\" content=\"es_ES\" \/>\n<meta property=\"og:type\" content=\"article\" \/>\n<meta property=\"og:title\" content=\"Vila-seca cuenta con una nueva estaci\u00f3n meteorol\u00f3gica municipal Vantage Pro2 Plus integrada en Weathercloud y Sentilo | Darrera\" \/>\n<meta property=\"og:description\" content=\"La nueva estaci\u00f3n registra los principales par\u00e1metros meteorol\u00f3gicos y env\u00eda los datos en remoto a las plataformas online Weathercloud y Sentilo, permitiendo su consulta por parte del Ayuntamiento y de la ciudadan\u00eda en general, as\u00ed como su integraci\u00f3n en los sistemas de gesti\u00f3n urbana del municipio.\" \/>\n<meta property=\"og:url\" content=\"https:\/\/www.darrera.com\/es\/noticias\/instalaciones\/2024\/05\/vila-seca-cuenta-nueva-estacion-meteorologica-municipal-vantage-pro2-plus-integrada-weathercloud-sentilo\/\" \/>\n<meta property=\"og:site_name\" content=\"Darrera\" \/>\n<meta property=\"article:publisher\" content=\"http:\/\/facebook.com\/darrerameteo\" \/>\n<meta property=\"article:published_time\" content=\"2024-05-17T16:12:48+00:00\" \/>\n<meta property=\"article:modified_time\" content=\"2024-05-17T16:34:48+00:00\" \/>\n<meta property=\"og:image\" content=\"https:\/\/www.darrera.com\/wp-content\/uploads\/2024\/05\/news-vila-seca-has-new-vantage-pro2-plus-municipal-weather-station-integrated-weathercloud-sentilo.jpg\" \/>\n\t<meta property=\"og:image:width\" content=\"1170\" \/>\n\t<meta property=\"og:image:height\" content=\"750\" \/>\n\t<meta property=\"og:image:type\" content=\"image\/jpeg\" \/>\n<meta name=\"author\" content=\"Darrera\" \/>\n<meta name=\"twitter:card\" content=\"summary_large_image\" \/>\n<meta name=\"twitter:creator\" content=\"@darrera_meteo\" \/>\n<meta name=\"twitter:site\" content=\"@darrera_meteo\" \/>\n<meta name=\"twitter:label1\" content=\"Escrito por\" \/>\n\t<meta name=\"twitter:data1\" content=\"Darrera\" \/>\n\t<meta name=\"twitter:label2\" content=\"Tiempo de lectura\" \/>\n\t<meta name=\"twitter:data2\" content=\"1 minuto\" \/>\n<script type=\"application\/ld+json\" class=\"yoast-schema-graph\">{\"@context\":\"https:\\\/\\\/schema.org\",\"@graph\":[{\"@type\":\"Article\",\"@id\":\"https:\\\/\\\/www.darrera.com\\\/es\\\/noticias\\\/instalaciones\\\/2024\\\/05\\\/vila-seca-cuenta-nueva-estacion-meteorologica-municipal-vantage-pro2-plus-integrada-weathercloud-sentilo\\\/#article\",\"isPartOf\":{\"@id\":\"https:\\\/\\\/www.darrera.com\\\/es\\\/noticias\\\/instalaciones\\\/2024\\\/05\\\/vila-seca-cuenta-nueva-estacion-meteorologica-municipal-vantage-pro2-plus-integrada-weathercloud-sentilo\\\/\"},\"author\":{\"name\":\"Darrera\",\"@id\":\"https:\\\/\\\/www.darrera.com\\\/es\\\/#\\\/schema\\\/person\\\/1343a9301b7253ed15f0d1a69e15b220\"},\"headline\":\"Vila-seca cuenta con una nueva estaci\u00f3n meteorol\u00f3gica municipal Vantage Pro2 Plus integrada en Weathercloud y Sentilo\",\"datePublished\":\"2024-05-17T16:12:48+00:00\",\"dateModified\":\"2024-05-17T16:34:48+00:00\",\"mainEntityOfPage\":{\"@id\":\"https:\\\/\\\/www.darrera.com\\\/es\\\/noticias\\\/instalaciones\\\/2024\\\/05\\\/vila-seca-cuenta-nueva-estacion-meteorologica-municipal-vantage-pro2-plus-integrada-weathercloud-sentilo\\\/\"},\"wordCount\":294,\"publisher\":{\"@id\":\"https:\\\/\\\/www.darrera.com\\\/es\\\/#organization\"},\"image\":{\"@id\":\"https:\\\/\\\/www.darrera.com\\\/es\\\/noticias\\\/instalaciones\\\/2024\\\/05\\\/vila-seca-cuenta-nueva-estacion-meteorologica-municipal-vantage-pro2-plus-integrada-weathercloud-sentilo\\\/#primaryimage\"},\"thumbnailUrl\":\"https:\\\/\\\/www.darrera.com\\\/wp-content\\\/uploads\\\/2024\\\/05\\\/news-vila-seca-has-new-vantage-pro2-plus-municipal-weather-station-integrated-weathercloud-sentilo.jpg\",\"keywords\":[\"ayuntamiento\",\"ciudades inteligentes\",\"estaci\u00f3n meteorol\u00f3gica\",\"sentilo\"],\"articleSection\":[\"Instalaciones\"],\"inLanguage\":\"es\"},{\"@type\":\"WebPage\",\"@id\":\"https:\\\/\\\/www.darrera.com\\\/es\\\/noticias\\\/instalaciones\\\/2024\\\/05\\\/vila-seca-cuenta-nueva-estacion-meteorologica-municipal-vantage-pro2-plus-integrada-weathercloud-sentilo\\\/\",\"url\":\"https:\\\/\\\/www.darrera.com\\\/es\\\/noticias\\\/instalaciones\\\/2024\\\/05\\\/vila-seca-cuenta-nueva-estacion-meteorologica-municipal-vantage-pro2-plus-integrada-weathercloud-sentilo\\\/\",\"name\":\"Vila-seca cuenta con una nueva estaci\u00f3n meteorol\u00f3gica municipal Vantage Pro2 Plus integrada en Weathercloud y Sentilo | Darrera\",\"isPartOf\":{\"@id\":\"https:\\\/\\\/www.darrera.com\\\/es\\\/#website\"},\"primaryImageOfPage\":{\"@id\":\"https:\\\/\\\/www.darrera.com\\\/es\\\/noticias\\\/instalaciones\\\/2024\\\/05\\\/vila-seca-cuenta-nueva-estacion-meteorologica-municipal-vantage-pro2-plus-integrada-weathercloud-sentilo\\\/#primaryimage\"},\"image\":{\"@id\":\"https:\\\/\\\/www.darrera.com\\\/es\\\/noticias\\\/instalaciones\\\/2024\\\/05\\\/vila-seca-cuenta-nueva-estacion-meteorologica-municipal-vantage-pro2-plus-integrada-weathercloud-sentilo\\\/#primaryimage\"},\"thumbnailUrl\":\"https:\\\/\\\/www.darrera.com\\\/wp-content\\\/uploads\\\/2024\\\/05\\\/news-vila-seca-has-new-vantage-pro2-plus-municipal-weather-station-integrated-weathercloud-sentilo.jpg\",\"datePublished\":\"2024-05-17T16:12:48+00:00\",\"dateModified\":\"2024-05-17T16:34:48+00:00\",\"breadcrumb\":{\"@id\":\"https:\\\/\\\/www.darrera.com\\\/es\\\/noticias\\\/instalaciones\\\/2024\\\/05\\\/vila-seca-cuenta-nueva-estacion-meteorologica-municipal-vantage-pro2-plus-integrada-weathercloud-sentilo\\\/#breadcrumb\"},\"inLanguage\":\"es\",\"potentialAction\":[{\"@type\":\"ReadAction\",\"target\":[\"https:\\\/\\\/www.darrera.com\\\/es\\\/noticias\\\/instalaciones\\\/2024\\\/05\\\/vila-seca-cuenta-nueva-estacion-meteorologica-municipal-vantage-pro2-plus-integrada-weathercloud-sentilo\\\/\"]}]},{\"@type\":\"ImageObject\",\"inLanguage\":\"es\",\"@id\":\"https:\\\/\\\/www.darrera.com\\\/es\\\/noticias\\\/instalaciones\\\/2024\\\/05\\\/vila-seca-cuenta-nueva-estacion-meteorologica-municipal-vantage-pro2-plus-integrada-weathercloud-sentilo\\\/#primaryimage\",\"url\":\"https:\\\/\\\/www.darrera.com\\\/wp-content\\\/uploads\\\/2024\\\/05\\\/news-vila-seca-has-new-vantage-pro2-plus-municipal-weather-station-integrated-weathercloud-sentilo.jpg\",\"contentUrl\":\"https:\\\/\\\/www.darrera.com\\\/wp-content\\\/uploads\\\/2024\\\/05\\\/news-vila-seca-has-new-vantage-pro2-plus-municipal-weather-station-integrated-weathercloud-sentilo.jpg\",\"width\":1170,\"height\":750,\"caption\":\"Vila-seca cuenta con una nueva estaci\u00f3n meteorol\u00f3gica municipal Vantage Pro2 Plus integrada en Weathercloud y Sentilo\"},{\"@type\":\"BreadcrumbList\",\"@id\":\"https:\\\/\\\/www.darrera.com\\\/es\\\/noticias\\\/instalaciones\\\/2024\\\/05\\\/vila-seca-cuenta-nueva-estacion-meteorologica-municipal-vantage-pro2-plus-integrada-weathercloud-sentilo\\\/#breadcrumb\",\"itemListElement\":[{\"@type\":\"ListItem\",\"position\":1,\"name\":\"Home\",\"item\":\"https:\\\/\\\/www.darrera.com\\\/es\\\/\"},{\"@type\":\"ListItem\",\"position\":2,\"name\":\"Vila-seca cuenta con una nueva estaci\u00f3n meteorol\u00f3gica municipal Vantage Pro2 Plus integrada en Weathercloud y Sentilo\"}]},{\"@type\":\"WebSite\",\"@id\":\"https:\\\/\\\/www.darrera.com\\\/es\\\/#website\",\"url\":\"https:\\\/\\\/www.darrera.com\\\/es\\\/\",\"name\":\"Darrera\",\"description\":\"Instrumentos, soluciones y servicios meteorol\u00f3gicos\",\"publisher\":{\"@id\":\"https:\\\/\\\/www.darrera.com\\\/es\\\/#organization\"},\"potentialAction\":[{\"@type\":\"SearchAction\",\"target\":{\"@type\":\"EntryPoint\",\"urlTemplate\":\"https:\\\/\\\/www.darrera.com\\\/es\\\/?s={search_term_string}\"},\"query-input\":{\"@type\":\"PropertyValueSpecification\",\"valueRequired\":true,\"valueName\":\"search_term_string\"}}],\"inLanguage\":\"es\"},{\"@type\":\"Organization\",\"@id\":\"https:\\\/\\\/www.darrera.com\\\/es\\\/#organization\",\"name\":\"Darrera\",\"url\":\"https:\\\/\\\/www.darrera.com\\\/es\\\/\",\"logo\":{\"@type\":\"ImageObject\",\"inLanguage\":\"es\",\"@id\":\"https:\\\/\\\/www.darrera.com\\\/es\\\/#\\\/schema\\\/logo\\\/image\\\/\",\"url\":\"https:\\\/\\\/www.darrera.com\\\/wp\\\/wp-content\\\/uploads\\\/logo-darrera.png\",\"contentUrl\":\"https:\\\/\\\/www.darrera.com\\\/wp\\\/wp-content\\\/uploads\\\/logo-darrera.png\",\"width\":500,\"height\":85,\"caption\":\"Darrera\"},\"image\":{\"@id\":\"https:\\\/\\\/www.darrera.com\\\/es\\\/#\\\/schema\\\/logo\\\/image\\\/\"},\"sameAs\":[\"http:\\\/\\\/facebook.com\\\/darrerameteo\",\"https:\\\/\\\/x.com\\\/darrera_meteo\",\"https:\\\/\\\/www.linkedin.com\\\/company\\\/darrera-s-a-\",\"http:\\\/\\\/youtube.com\\\/darreratv\"]},{\"@type\":\"Person\",\"@id\":\"https:\\\/\\\/www.darrera.com\\\/es\\\/#\\\/schema\\\/person\\\/1343a9301b7253ed15f0d1a69e15b220\",\"name\":\"Darrera\",\"image\":{\"@type\":\"ImageObject\",\"inLanguage\":\"es\",\"@id\":\"https:\\\/\\\/secure.gravatar.com\\\/avatar\\\/33ff272113d47d151dae7e513c1e4307e28c4e2a7e87b05dba3e37ed4a070480?s=96&d=mm&r=g\",\"url\":\"https:\\\/\\\/secure.gravatar.com\\\/avatar\\\/33ff272113d47d151dae7e513c1e4307e28c4e2a7e87b05dba3e37ed4a070480?s=96&d=mm&r=g\",\"contentUrl\":\"https:\\\/\\\/secure.gravatar.com\\\/avatar\\\/33ff272113d47d151dae7e513c1e4307e28c4e2a7e87b05dba3e37ed4a070480?s=96&d=mm&r=g\",\"caption\":\"Darrera\"}}]}<\/script>\n<!-- \/ Yoast SEO plugin. -->","yoast_head_json":{"title":"Vila-seca cuenta con una nueva estaci\u00f3n meteorol\u00f3gica municipal Vantage Pro2 Plus integrada en Weathercloud y Sentilo | Darrera","robots":{"index":"index","follow":"follow","max-snippet":"max-snippet:-1","max-image-preview":"max-image-preview:large","max-video-preview":"max-video-preview:-1"},"canonical":"https:\/\/www.darrera.com\/es\/noticias\/instalaciones\/2024\/05\/vila-seca-cuenta-nueva-estacion-meteorologica-municipal-vantage-pro2-plus-integrada-weathercloud-sentilo\/","og_locale":"es_ES","og_type":"article","og_title":"Vila-seca cuenta con una nueva estaci\u00f3n meteorol\u00f3gica municipal Vantage Pro2 Plus integrada en Weathercloud y Sentilo | Darrera","og_description":"La nueva estaci\u00f3n registra los principales par\u00e1metros meteorol\u00f3gicos y env\u00eda los datos en remoto a las plataformas online Weathercloud y Sentilo, permitiendo su consulta por parte del Ayuntamiento y de la ciudadan\u00eda en general, as\u00ed como su integraci\u00f3n en los sistemas de gesti\u00f3n urbana del municipio.","og_url":"https:\/\/www.darrera.com\/es\/noticias\/instalaciones\/2024\/05\/vila-seca-cuenta-nueva-estacion-meteorologica-municipal-vantage-pro2-plus-integrada-weathercloud-sentilo\/","og_site_name":"Darrera","article_publisher":"http:\/\/facebook.com\/darrerameteo","article_published_time":"2024-05-17T16:12:48+00:00","article_modified_time":"2024-05-17T16:34:48+00:00","og_image":[{"width":1170,"height":750,"url":"https:\/\/www.darrera.com\/wp-content\/uploads\/2024\/05\/news-vila-seca-has-new-vantage-pro2-plus-municipal-weather-station-integrated-weathercloud-sentilo.jpg","type":"image\/jpeg"}],"author":"Darrera","twitter_card":"summary_large_image","twitter_creator":"@darrera_meteo","twitter_site":"@darrera_meteo","twitter_misc":{"Escrito por":"Darrera","Tiempo de lectura":"1 minuto"},"schema":{"@context":"https:\/\/schema.org","@graph":[{"@type":"Article","@id":"https:\/\/www.darrera.com\/es\/noticias\/instalaciones\/2024\/05\/vila-seca-cuenta-nueva-estacion-meteorologica-municipal-vantage-pro2-plus-integrada-weathercloud-sentilo\/#article","isPartOf":{"@id":"https:\/\/www.darrera.com\/es\/noticias\/instalaciones\/2024\/05\/vila-seca-cuenta-nueva-estacion-meteorologica-municipal-vantage-pro2-plus-integrada-weathercloud-sentilo\/"},"author":{"name":"Darrera","@id":"https:\/\/www.darrera.com\/es\/#\/schema\/person\/1343a9301b7253ed15f0d1a69e15b220"},"headline":"Vila-seca cuenta con una nueva estaci\u00f3n meteorol\u00f3gica municipal Vantage Pro2 Plus integrada en Weathercloud y Sentilo","datePublished":"2024-05-17T16:12:48+00:00","dateModified":"2024-05-17T16:34:48+00:00","mainEntityOfPage":{"@id":"https:\/\/www.darrera.com\/es\/noticias\/instalaciones\/2024\/05\/vila-seca-cuenta-nueva-estacion-meteorologica-municipal-vantage-pro2-plus-integrada-weathercloud-sentilo\/"},"wordCount":294,"publisher":{"@id":"https:\/\/www.darrera.com\/es\/#organization"},"image":{"@id":"https:\/\/www.darrera.com\/es\/noticias\/instalaciones\/2024\/05\/vila-seca-cuenta-nueva-estacion-meteorologica-municipal-vantage-pro2-plus-integrada-weathercloud-sentilo\/#primaryimage"},"thumbnailUrl":"https:\/\/www.darrera.com\/wp-content\/uploads\/2024\/05\/news-vila-seca-has-new-vantage-pro2-plus-municipal-weather-station-integrated-weathercloud-sentilo.jpg","keywords":["ayuntamiento","ciudades inteligentes","estaci\u00f3n meteorol\u00f3gica","sentilo"],"articleSection":["Instalaciones"],"inLanguage":"es"},{"@type":"WebPage","@id":"https:\/\/www.darrera.com\/es\/noticias\/instalaciones\/2024\/05\/vila-seca-cuenta-nueva-estacion-meteorologica-municipal-vantage-pro2-plus-integrada-weathercloud-sentilo\/","url":"https:\/\/www.darrera.com\/es\/noticias\/instalaciones\/2024\/05\/vila-seca-cuenta-nueva-estacion-meteorologica-municipal-vantage-pro2-plus-integrada-weathercloud-sentilo\/","name":"Vila-seca cuenta con una nueva estaci\u00f3n meteorol\u00f3gica municipal Vantage Pro2 Plus integrada en Weathercloud y Sentilo | Darrera","isPartOf":{"@id":"https:\/\/www.darrera.com\/es\/#website"},"primaryImageOfPage":{"@id":"https:\/\/www.darrera.com\/es\/noticias\/instalaciones\/2024\/05\/vila-seca-cuenta-nueva-estacion-meteorologica-municipal-vantage-pro2-plus-integrada-weathercloud-sentilo\/#primaryimage"},"image":{"@id":"https:\/\/www.darrera.com\/es\/noticias\/instalaciones\/2024\/05\/vila-seca-cuenta-nueva-estacion-meteorologica-municipal-vantage-pro2-plus-integrada-weathercloud-sentilo\/#primaryimage"},"thumbnailUrl":"https:\/\/www.darrera.com\/wp-content\/uploads\/2024\/05\/news-vila-seca-has-new-vantage-pro2-plus-municipal-weather-station-integrated-weathercloud-sentilo.jpg","datePublished":"2024-05-17T16:12:48+00:00","dateModified":"2024-05-17T16:34:48+00:00","breadcrumb":{"@id":"https:\/\/www.darrera.com\/es\/noticias\/instalaciones\/2024\/05\/vila-seca-cuenta-nueva-estacion-meteorologica-municipal-vantage-pro2-plus-integrada-weathercloud-sentilo\/#breadcrumb"},"inLanguage":"es","potentialAction":[{"@type":"ReadAction","target":["https:\/\/www.darrera.com\/es\/noticias\/instalaciones\/2024\/05\/vila-seca-cuenta-nueva-estacion-meteorologica-municipal-vantage-pro2-plus-integrada-weathercloud-sentilo\/"]}]},{"@type":"ImageObject","inLanguage":"es","@id":"https:\/\/www.darrera.com\/es\/noticias\/instalaciones\/2024\/05\/vila-seca-cuenta-nueva-estacion-meteorologica-municipal-vantage-pro2-plus-integrada-weathercloud-sentilo\/#primaryimage","url":"https:\/\/www.darrera.com\/wp-content\/uploads\/2024\/05\/news-vila-seca-has-new-vantage-pro2-plus-municipal-weather-station-integrated-weathercloud-sentilo.jpg","contentUrl":"https:\/\/www.darrera.com\/wp-content\/uploads\/2024\/05\/news-vila-seca-has-new-vantage-pro2-plus-municipal-weather-station-integrated-weathercloud-sentilo.jpg","width":1170,"height":750,"caption":"Vila-seca cuenta con una nueva estaci\u00f3n meteorol\u00f3gica municipal Vantage Pro2 Plus integrada en Weathercloud y Sentilo"},{"@type":"BreadcrumbList","@id":"https:\/\/www.darrera.com\/es\/noticias\/instalaciones\/2024\/05\/vila-seca-cuenta-nueva-estacion-meteorologica-municipal-vantage-pro2-plus-integrada-weathercloud-sentilo\/#breadcrumb","itemListElement":[{"@type":"ListItem","position":1,"name":"Home","item":"https:\/\/www.darrera.com\/es\/"},{"@type":"ListItem","position":2,"name":"Vila-seca cuenta con una nueva estaci\u00f3n meteorol\u00f3gica municipal Vantage Pro2 Plus integrada en Weathercloud y Sentilo"}]},{"@type":"WebSite","@id":"https:\/\/www.darrera.com\/es\/#website","url":"https:\/\/www.darrera.com\/es\/","name":"Darrera","description":"Instrumentos, soluciones y servicios meteorol\u00f3gicos","publisher":{"@id":"https:\/\/www.darrera.com\/es\/#organization"},"potentialAction":[{"@type":"SearchAction","target":{"@type":"EntryPoint","urlTemplate":"https:\/\/www.darrera.com\/es\/?s={search_term_string}"},"query-input":{"@type":"PropertyValueSpecification","valueRequired":true,"valueName":"search_term_string"}}],"inLanguage":"es"},{"@type":"Organization","@id":"https:\/\/www.darrera.com\/es\/#organization","name":"Darrera","url":"https:\/\/www.darrera.com\/es\/","logo":{"@type":"ImageObject","inLanguage":"es","@id":"https:\/\/www.darrera.com\/es\/#\/schema\/logo\/image\/","url":"https:\/\/www.darrera.com\/wp\/wp-content\/uploads\/logo-darrera.png","contentUrl":"https:\/\/www.darrera.com\/wp\/wp-content\/uploads\/logo-darrera.png","width":500,"height":85,"caption":"Darrera"},"image":{"@id":"https:\/\/www.darrera.com\/es\/#\/schema\/logo\/image\/"},"sameAs":["http:\/\/facebook.com\/darrerameteo","https:\/\/x.com\/darrera_meteo","https:\/\/www.linkedin.com\/company\/darrera-s-a-","http:\/\/youtube.com\/darreratv"]},{"@type":"Person","@id":"https:\/\/www.darrera.com\/es\/#\/schema\/person\/1343a9301b7253ed15f0d1a69e15b220","name":"Darrera","image":{"@type":"ImageObject","inLanguage":"es","@id":"https:\/\/secure.gravatar.com\/avatar\/33ff272113d47d151dae7e513c1e4307e28c4e2a7e87b05dba3e37ed4a070480?s=96&d=mm&r=g","url":"https:\/\/secure.gravatar.com\/avatar\/33ff272113d47d151dae7e513c1e4307e28c4e2a7e87b05dba3e37ed4a070480?s=96&d=mm&r=g","contentUrl":"https:\/\/secure.gravatar.com\/avatar\/33ff272113d47d151dae7e513c1e4307e28c4e2a7e87b05dba3e37ed4a070480?s=96&d=mm&r=g","caption":"Darrera"}}]}},"_links":{"self":[{"href":"https:\/\/www.darrera.com\/es\/wp-json\/wp\/v2\/posts\/5913","targetHints":{"allow":["GET"]}}],"collection":[{"href":"https:\/\/www.darrera.com\/es\/wp-json\/wp\/v2\/posts"}],"about":[{"href":"https:\/\/www.darrera.com\/es\/wp-json\/wp\/v2\/types\/post"}],"author":[{"embeddable":true,"href":"https:\/\/www.darrera.com\/es\/wp-json\/wp\/v2\/users\/2"}],"replies":[{"embeddable":true,"href":"https:\/\/www.darrera.com\/es\/wp-json\/wp\/v2\/comments?post=5913"}],"version-history":[{"count":5,"href":"https:\/\/www.darrera.com\/es\/wp-json\/wp\/v2\/posts\/5913\/revisions"}],"predecessor-version":[{"id":5923,"href":"https:\/\/www.darrera.com\/es\/wp-json\/wp\/v2\/posts\/5913\/revisions\/5923"}],"wp:featuredmedia":[{"embeddable":true,"href":"https:\/\/www.darrera.com\/es\/wp-json\/wp\/v2\/media\/5911"}],"wp:attachment":[{"href":"https:\/\/www.darrera.com\/es\/wp-json\/wp\/v2\/media?parent=5913"}],"wp:term":[{"taxonomy":"category","embeddable":true,"href":"https:\/\/www.darrera.com\/es\/wp-json\/wp\/v2\/categories?post=5913"},{"taxonomy":"post_tag","embeddable":true,"href":"https:\/\/www.darrera.com\/es\/wp-json\/wp\/v2\/tags?post=5913"}],"curies":[{"name":"wp","href":"https:\/\/api.w.org\/{rel}","templated":true}]}}