{"id":6350,"date":"2025-06-09T01:12:27","date_gmt":"2025-06-08T23:12:27","guid":{"rendered":"https:\/\/www.darrera.com\/?p=6350"},"modified":"2025-06-09T01:24:42","modified_gmt":"2025-06-08T23:24:42","slug":"darrera-instala-estacion-meteorologica-vantage-pro2-plus-deposito-controlado-prezero-zalla-mejorar-control-ambiental-planta","status":"publish","type":"post","link":"https:\/\/www.darrera.com\/es\/noticias\/instalaciones\/2025\/06\/darrera-instala-estacion-meteorologica-vantage-pro2-plus-deposito-controlado-prezero-zalla-mejorar-control-ambiental-planta\/","title":{"rendered":"Darrera instala una estaci\u00f3n meteorol\u00f3gica Vantage Pro2 Plus en el dep\u00f3sito controlado de PreZero en Zalla para mejorar el control ambiental de la planta"},"content":{"rendered":"<h3>La informaci\u00f3n meteorol\u00f3gica en tiempo real proporcionada por el equipo permite al personal de PreZero adoptar medidas tempranas ante condiciones adversas como vientos fuertes, precipitaciones intensas o calor extremo, favoreciendo una gesti\u00f3n m\u00e1s eficiente de los residuos y reforzando la seguridad de las operaciones en todo momento.<\/h3>\n<p>Darrera contin\u00faa ampliando su presencia en entornos industriales con la instalaci\u00f3n de estaciones meteorol\u00f3gicas profesionales adaptadas a las necesidades espec\u00edficas de cada cliente. La nueva estaci\u00f3n Vantage Pro2 Plus, instalada en el dep\u00f3sito controlado de PreZero en Zalla (Vizcaya), permite monitorizar las condiciones meteorol\u00f3gicas locales con gran precisi\u00f3n y fiabilidad. Estos datos son fundamentales en este tipo de aplicaciones, donde factores como el viento, la lluvia o la temperatura pueden influir directamente en la dispersi\u00f3n de part\u00edculas, los trabajos de cobertura diaria de residuos o el uso de sistemas de desodorizaci\u00f3n.<\/p>\n<p>La estaci\u00f3n est\u00e1 equipada con sensores que miden par\u00e1metros esenciales como la velocidad y direcci\u00f3n del viento, temperatura, humedad, precipitaci\u00f3n, presi\u00f3n atmosf\u00e9rica, radiaci\u00f3n solar y radiaci\u00f3n UV. A partir de estas mediciones, tambi\u00e9n calcula par\u00e1metros derivados como el punto de roc\u00edo, la sensaci\u00f3n t\u00e9rmica, el \u00edndice de calor, las horas de sol y la evapotranspiraci\u00f3n. El equipo funciona de forma aut\u00f3noma mediante alimentaci\u00f3n solar y cuenta con un sistema de comunicaci\u00f3n local que permite la descarga directa de los datos al sistema inform\u00e1tico de la planta, facilitando su integraci\u00f3n en los procesos internos de vigilancia ambiental.<\/p>\n<p>Con esta nueva incorporaci\u00f3n, PreZero reafirma su compromiso con una gesti\u00f3n ambiental eficiente y responsable, alineada con los m\u00e1s altos est\u00e1ndares de sostenibilidad y seguridad en sus operaciones.<\/p>\n","protected":false},"excerpt":{"rendered":"<p>La informaci\u00f3n meteorol\u00f3gica en tiempo real proporcionada por el equipo permite al personal de PreZero adoptar medidas tempranas ante condiciones adversas como vientos fuertes, precipitaciones intensas o calor extremo, favoreciendo una gesti\u00f3n m\u00e1s eficiente de los residuos y reforzando la seguridad de las operaciones en todo momento.<\/p>\n","protected":false},"author":2,"featured_media":6348,"comment_status":"closed","ping_status":"closed","sticky":false,"template":"","format":"standard","meta":{"footnotes":""},"categories":[59],"tags":[70,77,376,371],"class_list":["post-6350","post","type-post","status-publish","format-standard","has-post-thumbnail","hentry","category-instalaciones","tag-davis-instruments-es","tag-instalacion","tag-medio-ambiente","tag-sostenibilidad"],"yoast_head":"<!-- This site is optimized with the Yoast SEO plugin v27.4 - https:\/\/yoast.com\/product\/yoast-seo-wordpress\/ -->\n<title>Darrera instala una estaci\u00f3n meteorol\u00f3gica Vantage Pro2 Plus en el dep\u00f3sito controlado de PreZero en Zalla para mejorar el control ambiental de la planta | Darrera<\/title>\n<meta name=\"robots\" content=\"index, follow, max-snippet:-1, max-image-preview:large, max-video-preview:-1\" \/>\n<link rel=\"canonical\" href=\"https:\/\/www.darrera.com\/es\/noticias\/instalaciones\/2025\/06\/darrera-instala-estacion-meteorologica-vantage-pro2-plus-deposito-controlado-prezero-zalla-mejorar-control-ambiental-planta\/\" \/>\n<meta property=\"og:locale\" content=\"es_ES\" \/>\n<meta property=\"og:type\" content=\"article\" \/>\n<meta property=\"og:title\" content=\"Darrera instala una estaci\u00f3n meteorol\u00f3gica Vantage Pro2 Plus en el dep\u00f3sito controlado de PreZero en Zalla para mejorar el control ambiental de la planta | Darrera\" \/>\n<meta property=\"og:description\" content=\"La informaci\u00f3n meteorol\u00f3gica en tiempo real proporcionada por el equipo permite al personal de PreZero adoptar medidas tempranas ante condiciones adversas como vientos fuertes, precipitaciones intensas o calor extremo, favoreciendo una gesti\u00f3n m\u00e1s eficiente de los residuos y reforzando la seguridad de las operaciones en todo momento.\" \/>\n<meta property=\"og:url\" content=\"https:\/\/www.darrera.com\/es\/noticias\/instalaciones\/2025\/06\/darrera-instala-estacion-meteorologica-vantage-pro2-plus-deposito-controlado-prezero-zalla-mejorar-control-ambiental-planta\/\" \/>\n<meta property=\"og:site_name\" content=\"Darrera\" \/>\n<meta property=\"article:publisher\" content=\"http:\/\/facebook.com\/darrerameteo\" \/>\n<meta property=\"article:published_time\" content=\"2025-06-08T23:12:27+00:00\" \/>\n<meta property=\"article:modified_time\" content=\"2025-06-08T23:24:42+00:00\" \/>\n<meta property=\"og:image\" content=\"https:\/\/www.darrera.com\/wp-content\/uploads\/2025\/06\/news-darrera-installs-vantage-pro2-plus-weather-station-prezero-controlled-landfill-zalla-enhance-plant-environmental-monitoring.jpg\" \/>\n\t<meta property=\"og:image:width\" content=\"1170\" \/>\n\t<meta property=\"og:image:height\" content=\"750\" \/>\n\t<meta property=\"og:image:type\" content=\"image\/jpeg\" \/>\n<meta name=\"author\" content=\"Darrera\" \/>\n<meta name=\"twitter:card\" content=\"summary_large_image\" \/>\n<meta name=\"twitter:creator\" content=\"@darrera_meteo\" \/>\n<meta name=\"twitter:site\" content=\"@darrera_meteo\" \/>\n<meta name=\"twitter:label1\" content=\"Escrito por\" \/>\n\t<meta name=\"twitter:data1\" content=\"Darrera\" \/>\n\t<meta name=\"twitter:label2\" content=\"Tiempo de lectura\" \/>\n\t<meta name=\"twitter:data2\" content=\"2 minutos\" \/>\n<script type=\"application\/ld+json\" class=\"yoast-schema-graph\">{\"@context\":\"https:\\\/\\\/schema.org\",\"@graph\":[{\"@type\":\"Article\",\"@id\":\"https:\\\/\\\/www.darrera.com\\\/es\\\/noticias\\\/instalaciones\\\/2025\\\/06\\\/darrera-instala-estacion-meteorologica-vantage-pro2-plus-deposito-controlado-prezero-zalla-mejorar-control-ambiental-planta\\\/#article\",\"isPartOf\":{\"@id\":\"https:\\\/\\\/www.darrera.com\\\/es\\\/noticias\\\/instalaciones\\\/2025\\\/06\\\/darrera-instala-estacion-meteorologica-vantage-pro2-plus-deposito-controlado-prezero-zalla-mejorar-control-ambiental-planta\\\/\"},\"author\":{\"name\":\"Darrera\",\"@id\":\"https:\\\/\\\/www.darrera.com\\\/es\\\/#\\\/schema\\\/person\\\/1343a9301b7253ed15f0d1a69e15b220\"},\"headline\":\"Darrera instala una estaci\u00f3n meteorol\u00f3gica Vantage Pro2 Plus en el dep\u00f3sito controlado de PreZero en Zalla para mejorar el control ambiental de la planta\",\"datePublished\":\"2025-06-08T23:12:27+00:00\",\"dateModified\":\"2025-06-08T23:24:42+00:00\",\"mainEntityOfPage\":{\"@id\":\"https:\\\/\\\/www.darrera.com\\\/es\\\/noticias\\\/instalaciones\\\/2025\\\/06\\\/darrera-instala-estacion-meteorologica-vantage-pro2-plus-deposito-controlado-prezero-zalla-mejorar-control-ambiental-planta\\\/\"},\"wordCount\":327,\"publisher\":{\"@id\":\"https:\\\/\\\/www.darrera.com\\\/es\\\/#organization\"},\"image\":{\"@id\":\"https:\\\/\\\/www.darrera.com\\\/es\\\/noticias\\\/instalaciones\\\/2025\\\/06\\\/darrera-instala-estacion-meteorologica-vantage-pro2-plus-deposito-controlado-prezero-zalla-mejorar-control-ambiental-planta\\\/#primaryimage\"},\"thumbnailUrl\":\"https:\\\/\\\/www.darrera.com\\\/wp-content\\\/uploads\\\/2025\\\/06\\\/news-darrera-installs-vantage-pro2-plus-weather-station-prezero-controlled-landfill-zalla-enhance-plant-environmental-monitoring.jpg\",\"keywords\":[\"davis instruments\",\"instalaci\u00f3n\",\"medio ambiente\",\"sostenibilidad\"],\"articleSection\":[\"Instalaciones\"],\"inLanguage\":\"es\"},{\"@type\":\"WebPage\",\"@id\":\"https:\\\/\\\/www.darrera.com\\\/es\\\/noticias\\\/instalaciones\\\/2025\\\/06\\\/darrera-instala-estacion-meteorologica-vantage-pro2-plus-deposito-controlado-prezero-zalla-mejorar-control-ambiental-planta\\\/\",\"url\":\"https:\\\/\\\/www.darrera.com\\\/es\\\/noticias\\\/instalaciones\\\/2025\\\/06\\\/darrera-instala-estacion-meteorologica-vantage-pro2-plus-deposito-controlado-prezero-zalla-mejorar-control-ambiental-planta\\\/\",\"name\":\"Darrera instala una estaci\u00f3n meteorol\u00f3gica Vantage Pro2 Plus en el dep\u00f3sito controlado de PreZero en Zalla para mejorar el control ambiental de la planta | Darrera\",\"isPartOf\":{\"@id\":\"https:\\\/\\\/www.darrera.com\\\/es\\\/#website\"},\"primaryImageOfPage\":{\"@id\":\"https:\\\/\\\/www.darrera.com\\\/es\\\/noticias\\\/instalaciones\\\/2025\\\/06\\\/darrera-instala-estacion-meteorologica-vantage-pro2-plus-deposito-controlado-prezero-zalla-mejorar-control-ambiental-planta\\\/#primaryimage\"},\"image\":{\"@id\":\"https:\\\/\\\/www.darrera.com\\\/es\\\/noticias\\\/instalaciones\\\/2025\\\/06\\\/darrera-instala-estacion-meteorologica-vantage-pro2-plus-deposito-controlado-prezero-zalla-mejorar-control-ambiental-planta\\\/#primaryimage\"},\"thumbnailUrl\":\"https:\\\/\\\/www.darrera.com\\\/wp-content\\\/uploads\\\/2025\\\/06\\\/news-darrera-installs-vantage-pro2-plus-weather-station-prezero-controlled-landfill-zalla-enhance-plant-environmental-monitoring.jpg\",\"datePublished\":\"2025-06-08T23:12:27+00:00\",\"dateModified\":\"2025-06-08T23:24:42+00:00\",\"breadcrumb\":{\"@id\":\"https:\\\/\\\/www.darrera.com\\\/es\\\/noticias\\\/instalaciones\\\/2025\\\/06\\\/darrera-instala-estacion-meteorologica-vantage-pro2-plus-deposito-controlado-prezero-zalla-mejorar-control-ambiental-planta\\\/#breadcrumb\"},\"inLanguage\":\"es\",\"potentialAction\":[{\"@type\":\"ReadAction\",\"target\":[\"https:\\\/\\\/www.darrera.com\\\/es\\\/noticias\\\/instalaciones\\\/2025\\\/06\\\/darrera-instala-estacion-meteorologica-vantage-pro2-plus-deposito-controlado-prezero-zalla-mejorar-control-ambiental-planta\\\/\"]}]},{\"@type\":\"ImageObject\",\"inLanguage\":\"es\",\"@id\":\"https:\\\/\\\/www.darrera.com\\\/es\\\/noticias\\\/instalaciones\\\/2025\\\/06\\\/darrera-instala-estacion-meteorologica-vantage-pro2-plus-deposito-controlado-prezero-zalla-mejorar-control-ambiental-planta\\\/#primaryimage\",\"url\":\"https:\\\/\\\/www.darrera.com\\\/wp-content\\\/uploads\\\/2025\\\/06\\\/news-darrera-installs-vantage-pro2-plus-weather-station-prezero-controlled-landfill-zalla-enhance-plant-environmental-monitoring.jpg\",\"contentUrl\":\"https:\\\/\\\/www.darrera.com\\\/wp-content\\\/uploads\\\/2025\\\/06\\\/news-darrera-installs-vantage-pro2-plus-weather-station-prezero-controlled-landfill-zalla-enhance-plant-environmental-monitoring.jpg\",\"width\":1170,\"height\":750,\"caption\":\"Darrera instala una estaci\u00f3n meteorol\u00f3gica Vantage Pro2 Plus en el dep\u00f3sito controlado de PreZero en Zalla para mejorar el control ambiental de la planta\"},{\"@type\":\"BreadcrumbList\",\"@id\":\"https:\\\/\\\/www.darrera.com\\\/es\\\/noticias\\\/instalaciones\\\/2025\\\/06\\\/darrera-instala-estacion-meteorologica-vantage-pro2-plus-deposito-controlado-prezero-zalla-mejorar-control-ambiental-planta\\\/#breadcrumb\",\"itemListElement\":[{\"@type\":\"ListItem\",\"position\":1,\"name\":\"Home\",\"item\":\"https:\\\/\\\/www.darrera.com\\\/es\\\/\"},{\"@type\":\"ListItem\",\"position\":2,\"name\":\"Darrera instala una estaci\u00f3n meteorol\u00f3gica Vantage Pro2 Plus en el dep\u00f3sito controlado de PreZero en Zalla para mejorar el control ambiental de la planta\"}]},{\"@type\":\"WebSite\",\"@id\":\"https:\\\/\\\/www.darrera.com\\\/es\\\/#website\",\"url\":\"https:\\\/\\\/www.darrera.com\\\/es\\\/\",\"name\":\"Darrera\",\"description\":\"Instrumentos, soluciones y servicios meteorol\u00f3gicos\",\"publisher\":{\"@id\":\"https:\\\/\\\/www.darrera.com\\\/es\\\/#organization\"},\"potentialAction\":[{\"@type\":\"SearchAction\",\"target\":{\"@type\":\"EntryPoint\",\"urlTemplate\":\"https:\\\/\\\/www.darrera.com\\\/es\\\/?s={search_term_string}\"},\"query-input\":{\"@type\":\"PropertyValueSpecification\",\"valueRequired\":true,\"valueName\":\"search_term_string\"}}],\"inLanguage\":\"es\"},{\"@type\":\"Organization\",\"@id\":\"https:\\\/\\\/www.darrera.com\\\/es\\\/#organization\",\"name\":\"Darrera\",\"url\":\"https:\\\/\\\/www.darrera.com\\\/es\\\/\",\"logo\":{\"@type\":\"ImageObject\",\"inLanguage\":\"es\",\"@id\":\"https:\\\/\\\/www.darrera.com\\\/es\\\/#\\\/schema\\\/logo\\\/image\\\/\",\"url\":\"https:\\\/\\\/www.darrera.com\\\/wp\\\/wp-content\\\/uploads\\\/logo-darrera.png\",\"contentUrl\":\"https:\\\/\\\/www.darrera.com\\\/wp\\\/wp-content\\\/uploads\\\/logo-darrera.png\",\"width\":500,\"height\":85,\"caption\":\"Darrera\"},\"image\":{\"@id\":\"https:\\\/\\\/www.darrera.com\\\/es\\\/#\\\/schema\\\/logo\\\/image\\\/\"},\"sameAs\":[\"http:\\\/\\\/facebook.com\\\/darrerameteo\",\"https:\\\/\\\/x.com\\\/darrera_meteo\",\"https:\\\/\\\/www.linkedin.com\\\/company\\\/darrera-s-a-\",\"http:\\\/\\\/youtube.com\\\/darreratv\"]},{\"@type\":\"Person\",\"@id\":\"https:\\\/\\\/www.darrera.com\\\/es\\\/#\\\/schema\\\/person\\\/1343a9301b7253ed15f0d1a69e15b220\",\"name\":\"Darrera\",\"image\":{\"@type\":\"ImageObject\",\"inLanguage\":\"es\",\"@id\":\"https:\\\/\\\/secure.gravatar.com\\\/avatar\\\/33ff272113d47d151dae7e513c1e4307e28c4e2a7e87b05dba3e37ed4a070480?s=96&d=mm&r=g\",\"url\":\"https:\\\/\\\/secure.gravatar.com\\\/avatar\\\/33ff272113d47d151dae7e513c1e4307e28c4e2a7e87b05dba3e37ed4a070480?s=96&d=mm&r=g\",\"contentUrl\":\"https:\\\/\\\/secure.gravatar.com\\\/avatar\\\/33ff272113d47d151dae7e513c1e4307e28c4e2a7e87b05dba3e37ed4a070480?s=96&d=mm&r=g\",\"caption\":\"Darrera\"}}]}<\/script>\n<!-- \/ Yoast SEO plugin. -->","yoast_head_json":{"title":"Darrera instala una estaci\u00f3n meteorol\u00f3gica Vantage Pro2 Plus en el dep\u00f3sito controlado de PreZero en Zalla para mejorar el control ambiental de la planta | Darrera","robots":{"index":"index","follow":"follow","max-snippet":"max-snippet:-1","max-image-preview":"max-image-preview:large","max-video-preview":"max-video-preview:-1"},"canonical":"https:\/\/www.darrera.com\/es\/noticias\/instalaciones\/2025\/06\/darrera-instala-estacion-meteorologica-vantage-pro2-plus-deposito-controlado-prezero-zalla-mejorar-control-ambiental-planta\/","og_locale":"es_ES","og_type":"article","og_title":"Darrera instala una estaci\u00f3n meteorol\u00f3gica Vantage Pro2 Plus en el dep\u00f3sito controlado de PreZero en Zalla para mejorar el control ambiental de la planta | Darrera","og_description":"La informaci\u00f3n meteorol\u00f3gica en tiempo real proporcionada por el equipo permite al personal de PreZero adoptar medidas tempranas ante condiciones adversas como vientos fuertes, precipitaciones intensas o calor extremo, favoreciendo una gesti\u00f3n m\u00e1s eficiente de los residuos y reforzando la seguridad de las operaciones en todo momento.","og_url":"https:\/\/www.darrera.com\/es\/noticias\/instalaciones\/2025\/06\/darrera-instala-estacion-meteorologica-vantage-pro2-plus-deposito-controlado-prezero-zalla-mejorar-control-ambiental-planta\/","og_site_name":"Darrera","article_publisher":"http:\/\/facebook.com\/darrerameteo","article_published_time":"2025-06-08T23:12:27+00:00","article_modified_time":"2025-06-08T23:24:42+00:00","og_image":[{"width":1170,"height":750,"url":"https:\/\/www.darrera.com\/wp-content\/uploads\/2025\/06\/news-darrera-installs-vantage-pro2-plus-weather-station-prezero-controlled-landfill-zalla-enhance-plant-environmental-monitoring.jpg","type":"image\/jpeg"}],"author":"Darrera","twitter_card":"summary_large_image","twitter_creator":"@darrera_meteo","twitter_site":"@darrera_meteo","twitter_misc":{"Escrito por":"Darrera","Tiempo de lectura":"2 minutos"},"schema":{"@context":"https:\/\/schema.org","@graph":[{"@type":"Article","@id":"https:\/\/www.darrera.com\/es\/noticias\/instalaciones\/2025\/06\/darrera-instala-estacion-meteorologica-vantage-pro2-plus-deposito-controlado-prezero-zalla-mejorar-control-ambiental-planta\/#article","isPartOf":{"@id":"https:\/\/www.darrera.com\/es\/noticias\/instalaciones\/2025\/06\/darrera-instala-estacion-meteorologica-vantage-pro2-plus-deposito-controlado-prezero-zalla-mejorar-control-ambiental-planta\/"},"author":{"name":"Darrera","@id":"https:\/\/www.darrera.com\/es\/#\/schema\/person\/1343a9301b7253ed15f0d1a69e15b220"},"headline":"Darrera instala una estaci\u00f3n meteorol\u00f3gica Vantage Pro2 Plus en el dep\u00f3sito controlado de PreZero en Zalla para mejorar el control ambiental de la planta","datePublished":"2025-06-08T23:12:27+00:00","dateModified":"2025-06-08T23:24:42+00:00","mainEntityOfPage":{"@id":"https:\/\/www.darrera.com\/es\/noticias\/instalaciones\/2025\/06\/darrera-instala-estacion-meteorologica-vantage-pro2-plus-deposito-controlado-prezero-zalla-mejorar-control-ambiental-planta\/"},"wordCount":327,"publisher":{"@id":"https:\/\/www.darrera.com\/es\/#organization"},"image":{"@id":"https:\/\/www.darrera.com\/es\/noticias\/instalaciones\/2025\/06\/darrera-instala-estacion-meteorologica-vantage-pro2-plus-deposito-controlado-prezero-zalla-mejorar-control-ambiental-planta\/#primaryimage"},"thumbnailUrl":"https:\/\/www.darrera.com\/wp-content\/uploads\/2025\/06\/news-darrera-installs-vantage-pro2-plus-weather-station-prezero-controlled-landfill-zalla-enhance-plant-environmental-monitoring.jpg","keywords":["davis instruments","instalaci\u00f3n","medio ambiente","sostenibilidad"],"articleSection":["Instalaciones"],"inLanguage":"es"},{"@type":"WebPage","@id":"https:\/\/www.darrera.com\/es\/noticias\/instalaciones\/2025\/06\/darrera-instala-estacion-meteorologica-vantage-pro2-plus-deposito-controlado-prezero-zalla-mejorar-control-ambiental-planta\/","url":"https:\/\/www.darrera.com\/es\/noticias\/instalaciones\/2025\/06\/darrera-instala-estacion-meteorologica-vantage-pro2-plus-deposito-controlado-prezero-zalla-mejorar-control-ambiental-planta\/","name":"Darrera instala una estaci\u00f3n meteorol\u00f3gica Vantage Pro2 Plus en el dep\u00f3sito controlado de PreZero en Zalla para mejorar el control ambiental de la planta | Darrera","isPartOf":{"@id":"https:\/\/www.darrera.com\/es\/#website"},"primaryImageOfPage":{"@id":"https:\/\/www.darrera.com\/es\/noticias\/instalaciones\/2025\/06\/darrera-instala-estacion-meteorologica-vantage-pro2-plus-deposito-controlado-prezero-zalla-mejorar-control-ambiental-planta\/#primaryimage"},"image":{"@id":"https:\/\/www.darrera.com\/es\/noticias\/instalaciones\/2025\/06\/darrera-instala-estacion-meteorologica-vantage-pro2-plus-deposito-controlado-prezero-zalla-mejorar-control-ambiental-planta\/#primaryimage"},"thumbnailUrl":"https:\/\/www.darrera.com\/wp-content\/uploads\/2025\/06\/news-darrera-installs-vantage-pro2-plus-weather-station-prezero-controlled-landfill-zalla-enhance-plant-environmental-monitoring.jpg","datePublished":"2025-06-08T23:12:27+00:00","dateModified":"2025-06-08T23:24:42+00:00","breadcrumb":{"@id":"https:\/\/www.darrera.com\/es\/noticias\/instalaciones\/2025\/06\/darrera-instala-estacion-meteorologica-vantage-pro2-plus-deposito-controlado-prezero-zalla-mejorar-control-ambiental-planta\/#breadcrumb"},"inLanguage":"es","potentialAction":[{"@type":"ReadAction","target":["https:\/\/www.darrera.com\/es\/noticias\/instalaciones\/2025\/06\/darrera-instala-estacion-meteorologica-vantage-pro2-plus-deposito-controlado-prezero-zalla-mejorar-control-ambiental-planta\/"]}]},{"@type":"ImageObject","inLanguage":"es","@id":"https:\/\/www.darrera.com\/es\/noticias\/instalaciones\/2025\/06\/darrera-instala-estacion-meteorologica-vantage-pro2-plus-deposito-controlado-prezero-zalla-mejorar-control-ambiental-planta\/#primaryimage","url":"https:\/\/www.darrera.com\/wp-content\/uploads\/2025\/06\/news-darrera-installs-vantage-pro2-plus-weather-station-prezero-controlled-landfill-zalla-enhance-plant-environmental-monitoring.jpg","contentUrl":"https:\/\/www.darrera.com\/wp-content\/uploads\/2025\/06\/news-darrera-installs-vantage-pro2-plus-weather-station-prezero-controlled-landfill-zalla-enhance-plant-environmental-monitoring.jpg","width":1170,"height":750,"caption":"Darrera instala una estaci\u00f3n meteorol\u00f3gica Vantage Pro2 Plus en el dep\u00f3sito controlado de PreZero en Zalla para mejorar el control ambiental de la planta"},{"@type":"BreadcrumbList","@id":"https:\/\/www.darrera.com\/es\/noticias\/instalaciones\/2025\/06\/darrera-instala-estacion-meteorologica-vantage-pro2-plus-deposito-controlado-prezero-zalla-mejorar-control-ambiental-planta\/#breadcrumb","itemListElement":[{"@type":"ListItem","position":1,"name":"Home","item":"https:\/\/www.darrera.com\/es\/"},{"@type":"ListItem","position":2,"name":"Darrera instala una estaci\u00f3n meteorol\u00f3gica Vantage Pro2 Plus en el dep\u00f3sito controlado de PreZero en Zalla para mejorar el control ambiental de la planta"}]},{"@type":"WebSite","@id":"https:\/\/www.darrera.com\/es\/#website","url":"https:\/\/www.darrera.com\/es\/","name":"Darrera","description":"Instrumentos, soluciones y servicios meteorol\u00f3gicos","publisher":{"@id":"https:\/\/www.darrera.com\/es\/#organization"},"potentialAction":[{"@type":"SearchAction","target":{"@type":"EntryPoint","urlTemplate":"https:\/\/www.darrera.com\/es\/?s={search_term_string}"},"query-input":{"@type":"PropertyValueSpecification","valueRequired":true,"valueName":"search_term_string"}}],"inLanguage":"es"},{"@type":"Organization","@id":"https:\/\/www.darrera.com\/es\/#organization","name":"Darrera","url":"https:\/\/www.darrera.com\/es\/","logo":{"@type":"ImageObject","inLanguage":"es","@id":"https:\/\/www.darrera.com\/es\/#\/schema\/logo\/image\/","url":"https:\/\/www.darrera.com\/wp\/wp-content\/uploads\/logo-darrera.png","contentUrl":"https:\/\/www.darrera.com\/wp\/wp-content\/uploads\/logo-darrera.png","width":500,"height":85,"caption":"Darrera"},"image":{"@id":"https:\/\/www.darrera.com\/es\/#\/schema\/logo\/image\/"},"sameAs":["http:\/\/facebook.com\/darrerameteo","https:\/\/x.com\/darrera_meteo","https:\/\/www.linkedin.com\/company\/darrera-s-a-","http:\/\/youtube.com\/darreratv"]},{"@type":"Person","@id":"https:\/\/www.darrera.com\/es\/#\/schema\/person\/1343a9301b7253ed15f0d1a69e15b220","name":"Darrera","image":{"@type":"ImageObject","inLanguage":"es","@id":"https:\/\/secure.gravatar.com\/avatar\/33ff272113d47d151dae7e513c1e4307e28c4e2a7e87b05dba3e37ed4a070480?s=96&d=mm&r=g","url":"https:\/\/secure.gravatar.com\/avatar\/33ff272113d47d151dae7e513c1e4307e28c4e2a7e87b05dba3e37ed4a070480?s=96&d=mm&r=g","contentUrl":"https:\/\/secure.gravatar.com\/avatar\/33ff272113d47d151dae7e513c1e4307e28c4e2a7e87b05dba3e37ed4a070480?s=96&d=mm&r=g","caption":"Darrera"}}]}},"_links":{"self":[{"href":"https:\/\/www.darrera.com\/es\/wp-json\/wp\/v2\/posts\/6350","targetHints":{"allow":["GET"]}}],"collection":[{"href":"https:\/\/www.darrera.com\/es\/wp-json\/wp\/v2\/posts"}],"about":[{"href":"https:\/\/www.darrera.com\/es\/wp-json\/wp\/v2\/types\/post"}],"author":[{"embeddable":true,"href":"https:\/\/www.darrera.com\/es\/wp-json\/wp\/v2\/users\/2"}],"replies":[{"embeddable":true,"href":"https:\/\/www.darrera.com\/es\/wp-json\/wp\/v2\/comments?post=6350"}],"version-history":[{"count":1,"href":"https:\/\/www.darrera.com\/es\/wp-json\/wp\/v2\/posts\/6350\/revisions"}],"predecessor-version":[{"id":6351,"href":"https:\/\/www.darrera.com\/es\/wp-json\/wp\/v2\/posts\/6350\/revisions\/6351"}],"wp:featuredmedia":[{"embeddable":true,"href":"https:\/\/www.darrera.com\/es\/wp-json\/wp\/v2\/media\/6348"}],"wp:attachment":[{"href":"https:\/\/www.darrera.com\/es\/wp-json\/wp\/v2\/media?parent=6350"}],"wp:term":[{"taxonomy":"category","embeddable":true,"href":"https:\/\/www.darrera.com\/es\/wp-json\/wp\/v2\/categories?post=6350"},{"taxonomy":"post_tag","embeddable":true,"href":"https:\/\/www.darrera.com\/es\/wp-json\/wp\/v2\/tags?post=6350"}],"curies":[{"name":"wp","href":"https:\/\/api.w.org\/{rel}","templated":true}]}}